{"id":3994,"date":"2024-11-26T10:45:23","date_gmt":"2024-11-26T13:45:23","guid":{"rendered":"https:\/\/tveventos.tv.br\/?p=3994"},"modified":"2024-11-26T10:45:26","modified_gmt":"2024-11-26T13:45:26","slug":"congresso-fenauto","status":"publish","type":"post","link":"https:\/\/tveventos.tv.br\/?p=3994","title":{"rendered":"Congresso Fenauto"},"content":{"rendered":"\n<h3 class=\"wp-block-heading\">\u00c9 o maior evento do setor automotivo no Brasil, totalmente direcionado a profissionais do setor de ve\u00edculos seminovos e usados.<\/h3>\n\n\n\n<h3 class=\"wp-block-heading\">Este encontro anual, promovido pela FENAUTO, \u00e9 um importante instrumento para aumentar conhecimentos e aprimorar pr\u00e1ticas em nosso mercado.<\/h3>\n\n\n\n<h4 class=\"wp-block-heading\">Junte-se a n\u00f3s nos dias 03 a 05 de Dezembro, das 09h \u00e0s 18h, no Expo Center Norte.<\/h4>\n\n\n\n<h4 class=\"wp-block-heading\">Endere\u00e7o: Rua Jos\u00e9 Bernardo Pinto 333, S\u00e3o Paulo, SP, 02055-000.<\/h4>\n","protected":false},"excerpt":{"rendered":"<p>\u00c9 o maior evento do setor automotivo no Brasil, totalmente direcionado a profissionais do setor de ve\u00edculos seminovos e usados. Este encontro anual, promovido pela FENAUTO, \u00e9 um importante instrumento para aumentar conhecimentos e aprimorar pr\u00e1ticas em nosso mercado. Junte-se a n\u00f3s nos dias 03 a 05 de Dezembro, das 09h \u00e0s 18h, no Expo [&hellip;]<\/p>\n","protected":false},"author":2,"featured_media":3995,"comment_status":"open","ping_status":"open","sticky":false,"template":"","format":"standard","meta":{"footnotes":""},"categories":[25],"tags":[],"class_list":{"0":"post-3994","1":"post","2":"type-post","3":"status-publish","4":"format-standard","5":"has-post-thumbnail","7":"category-calendariodeeventos"},"_links":{"self":[{"href":"https:\/\/tveventos.tv.br\/index.php?rest_route=\/wp\/v2\/posts\/3994","targetHints":{"allow":["GET"]}}],"collection":[{"href":"https:\/\/tveventos.tv.br\/index.php?rest_route=\/wp\/v2\/posts"}],"about":[{"href":"https:\/\/tveventos.tv.br\/index.php?rest_route=\/wp\/v2\/types\/post"}],"author":[{"embeddable":true,"href":"https:\/\/tveventos.tv.br\/index.php?rest_route=\/wp\/v2\/users\/2"}],"replies":[{"embeddable":true,"href":"https:\/\/tveventos.tv.br\/index.php?rest_route=%2Fwp%2Fv2%2Fcomments&post=3994"}],"version-history":[{"count":1,"href":"https:\/\/tveventos.tv.br\/index.php?rest_route=\/wp\/v2\/posts\/3994\/revisions"}],"predecessor-version":[{"id":3996,"href":"https:\/\/tveventos.tv.br\/index.php?rest_route=\/wp\/v2\/posts\/3994\/revisions\/3996"}],"wp:featuredmedia":[{"embeddable":true,"href":"https:\/\/tveventos.tv.br\/index.php?rest_route=\/wp\/v2\/media\/3995"}],"wp:attachment":[{"href":"https:\/\/tveventos.tv.br\/index.php?rest_route=%2Fwp%2Fv2%2Fmedia&parent=3994"}],"wp:term":[{"taxonomy":"category","embeddable":true,"href":"https:\/\/tveventos.tv.br\/index.php?rest_route=%2Fwp%2Fv2%2Fcategories&post=3994"},{"taxonomy":"post_tag","embeddable":true,"href":"https:\/\/tveventos.tv.br\/index.php?rest_route=%2Fwp%2Fv2%2Ftags&post=3994"}],"curies":[{"name":"wp","href":"https:\/\/api.w.org\/{rel}","templated":true}]}}