{"id":3998,"date":"2024-11-26T10:52:36","date_gmt":"2024-11-26T13:52:36","guid":{"rendered":"https:\/\/tveventos.tv.br\/?p=3998"},"modified":"2024-11-26T10:52:38","modified_gmt":"2024-11-26T13:52:38","slug":"vegfest-2024","status":"publish","type":"post","link":"https:\/\/tveventos.tv.br\/?p=3998","title":{"rendered":"Vegfest 2024"},"content":{"rendered":"\n<p>Na sua\u00a011\u00aa edi\u00e7\u00e3o, em 2024, a\u00a0Sociedade Vegetariana Brasileira (SVB)\u00a0recebe o\u00a0AVA Summit\u00a0no Brasil, ampliando os horizontes do\u00a0Vegfest!<\/p>\n\n\n\n<p>O\u00a0<strong>AVA Summit<\/strong>\u00a0\u00e9 muito mais do que uma s\u00e9rie de confer\u00eancias internacionais; \u00e9 um chamado \u00e0 a\u00e7\u00e3o para ativistas de todo o mundo que lutam por uma mudan\u00e7a sist\u00eamica. O objetivo \u00e9 claro: remover os animais do nosso sistema alimentar e de outros usos humanos.<\/p>\n\n\n\n<p>Junte-se a n\u00f3s nos dias 05 a 08 de Dezembro, das 10h \u00e0s 19h, no Expo Center Norte- Pavilh\u00e3o Amarelo.<\/p>\n\n\n\n<p>Endere\u00e7o: Rua Jos\u00e9 Bernardo Pinto 333, S\u00e3o Paulo, SP, 02055-000.<\/p>\n","protected":false},"excerpt":{"rendered":"<p>Na sua\u00a011\u00aa edi\u00e7\u00e3o, em 2024, a\u00a0Sociedade Vegetariana Brasileira (SVB)\u00a0recebe o\u00a0AVA Summit\u00a0no Brasil, ampliando os horizontes do\u00a0Vegfest! O\u00a0AVA Summit\u00a0\u00e9 muito mais do que uma s\u00e9rie de confer\u00eancias internacionais; \u00e9 um chamado \u00e0 a\u00e7\u00e3o para ativistas de todo o mundo que lutam por uma mudan\u00e7a sist\u00eamica. O objetivo \u00e9 claro: remover os animais do nosso sistema alimentar [&hellip;]<\/p>\n","protected":false},"author":2,"featured_media":3999,"comment_status":"open","ping_status":"open","sticky":false,"template":"","format":"standard","meta":{"footnotes":""},"categories":[25],"tags":[],"class_list":{"0":"post-3998","1":"post","2":"type-post","3":"status-publish","4":"format-standard","5":"has-post-thumbnail","7":"category-calendariodeeventos"},"_links":{"self":[{"href":"https:\/\/tveventos.tv.br\/index.php?rest_route=\/wp\/v2\/posts\/3998","targetHints":{"allow":["GET"]}}],"collection":[{"href":"https:\/\/tveventos.tv.br\/index.php?rest_route=\/wp\/v2\/posts"}],"about":[{"href":"https:\/\/tveventos.tv.br\/index.php?rest_route=\/wp\/v2\/types\/post"}],"author":[{"embeddable":true,"href":"https:\/\/tveventos.tv.br\/index.php?rest_route=\/wp\/v2\/users\/2"}],"replies":[{"embeddable":true,"href":"https:\/\/tveventos.tv.br\/index.php?rest_route=%2Fwp%2Fv2%2Fcomments&post=3998"}],"version-history":[{"count":1,"href":"https:\/\/tveventos.tv.br\/index.php?rest_route=\/wp\/v2\/posts\/3998\/revisions"}],"predecessor-version":[{"id":4000,"href":"https:\/\/tveventos.tv.br\/index.php?rest_route=\/wp\/v2\/posts\/3998\/revisions\/4000"}],"wp:featuredmedia":[{"embeddable":true,"href":"https:\/\/tveventos.tv.br\/index.php?rest_route=\/wp\/v2\/media\/3999"}],"wp:attachment":[{"href":"https:\/\/tveventos.tv.br\/index.php?rest_route=%2Fwp%2Fv2%2Fmedia&parent=3998"}],"wp:term":[{"taxonomy":"category","embeddable":true,"href":"https:\/\/tveventos.tv.br\/index.php?rest_route=%2Fwp%2Fv2%2Fcategories&post=3998"},{"taxonomy":"post_tag","embeddable":true,"href":"https:\/\/tveventos.tv.br\/index.php?rest_route=%2Fwp%2Fv2%2Ftags&post=3998"}],"curies":[{"name":"wp","href":"https:\/\/api.w.org\/{rel}","templated":true}]}}