{"id":4007,"date":"2024-11-27T12:09:48","date_gmt":"2024-11-27T15:09:48","guid":{"rendered":"https:\/\/tveventos.tv.br\/?p=4007"},"modified":"2024-11-27T12:09:52","modified_gmt":"2024-11-27T15:09:52","slug":"2o-congresso-fenacon-2024-reune-liderancas-e-promove-debates-estrategicos-em-brasilia","status":"publish","type":"post","link":"https:\/\/tveventos.tv.br\/?p=4007","title":{"rendered":"2\u00ba Congresso Fenacon 2024 re\u00fane lideran\u00e7as e promove debates estrat\u00e9gicos em Bras\u00edlia"},"content":{"rendered":"\n<p>A Federa\u00e7\u00e3o Nacional das Empresas de Servi\u00e7os Cont\u00e1beis e das Empresas de Assessoramento, Per\u00edcias, Informa\u00e7\u00f5es e Pesquisas (FENACON) realizar\u00e1, entre os dias 4 e 6 de dezembro, o 2\u00ba Congresso Fenacon 2024. O evento acontecer\u00e1 no Edif\u00edcio CNC, em Bras\u00edlia, reunindo mais de 180 participantes, incluindo especialistas e representantes do setor, para discutir os desafios e as inova\u00e7\u00f5es do segmento cont\u00e1bil e empresarial no Brasil.<\/p>\n\n\n\n<p>A cerim\u00f4nia de abertura ser\u00e1 conduzida pelo presidente da FENACON, Daniel Co\u00ealho, e pelo secret\u00e1rio Nacional do Artesanato e do Microempreendedor Individual, do Minist\u00e9rio do Empreendedorismo, Milton Coelho Neto. A programa\u00e7\u00e3o contar\u00e1 com uma palestra inaugural da procuradora do trabalho e vice-coordenadora nacional da CONALIS\/MPT, Priscila Moreto de Paula, que abordar\u00e1 o tema: &#8220;Conven\u00e7\u00e3o coletiva e suas contribui\u00e7\u00f5es&#8221;.<\/p>\n\n\n\n<p>Semin\u00e1rio Jur\u00eddico abre o Congresso<br>No dia 4 de dezembro, o Semin\u00e1rio Jur\u00eddico marcar\u00e1 o in\u00edcio das atividades do Congresso, com pain\u00e9is dedicados a temas como &#8220;O poder das entidades sindicais e sua legitimidade para a propositura de a\u00e7\u00f5es judiciais&#8221;, &#8220;Atualiza\u00e7\u00e3o da legisla\u00e7\u00e3o trabalhista e do C\u00f3digo Civil&#8221;, e &#8220;Quest\u00f5es tribut\u00e1rias que impactam diretamente as entidades empresariais&#8221;. O semin\u00e1rio refor\u00e7a a relev\u00e2ncia da abordagem jur\u00eddica para o fortalecimento do setor empresarial.<\/p>\n\n\n\n<p>Temas estrat\u00e9gicos em pauta<br>Ao longo dos tr\u00eas dias, o congresso tratar\u00e1 de assuntos estrat\u00e9gicos, como:<\/p>\n\n\n\n<p>&#8220;Responsabilidade civil do contador&#8221;<br>&#8220;Impactos da legisla\u00e7\u00e3o tribut\u00e1ria no setor empresarial&#8221;<br>&#8220;A import\u00e2ncia das entidades sindicais no ambiente jur\u00eddico e econ\u00f4mico&#8221;<\/p>\n\n\n\n<p>No dia 5 de dezembro, o destaque ser\u00e1 o Workshop Cont\u00e1bil, que buscar\u00e1 fortalecer a vis\u00e3o estrat\u00e9gica da profiss\u00e3o. Al\u00e9m disso, ser\u00e1 uma oportunidade para discutir a atualiza\u00e7\u00e3o de projetos em tramita\u00e7\u00e3o na C\u00e2mara dos Deputados e no Senado Federal. O workshop abordar\u00e1 ainda o papel da tecnologia na transforma\u00e7\u00e3o de sistemas ERP em plataformas financeiras integradas, otimizando o pagamento e a concilia\u00e7\u00e3o em tempo real, um diferencial competitivo para o setor.<\/p>\n\n\n\n<p>Encerramento e inaugura\u00e7\u00e3o da nova sede<br>O congresso ser\u00e1 conclu\u00eddo no dia 6 de dezembro com um momento especial: a inaugura\u00e7\u00e3o da nova sede da FENACON. Durante a cerim\u00f4nia, ser\u00e1 realizado o descerramento da foto do ex-presidente S\u00e9rgio Approbato Machado J\u00fanior, que liderou a entidade entre 2018 e 2022, em homenagem \u00e0 sua contribui\u00e7\u00e3o ao setor.<\/p>\n\n\n\n<p>Para Daniel Co\u00ealho, atual presidente da FENACON, o congresso vai al\u00e9m do debate:<br>&#8220;Este evento reflete a for\u00e7a e a uni\u00e3o de um setor essencial para a economia brasileira. Discutir temas estrat\u00e9gicos e promover a troca de conhecimentos s\u00e3o passos fundamentais para impulsionar a inova\u00e7\u00e3o e garantir que os empres\u00e1rios cont\u00e1beis estejam preparados para os desafios do futuro.&#8221;<\/p>\n\n\n\n<p>Com uma programa\u00e7\u00e3o abrangente e a presen\u00e7a de lideran\u00e7as de destaque, o 2\u00ba Congresso Fenacon 2024 promete ser um marco no calend\u00e1rio do setor, reafirmando a import\u00e2ncia da integra\u00e7\u00e3o e do di\u00e1logo para o desenvolvimento do mercado cont\u00e1bil e empresarial no Brasil.<\/p>\n","protected":false},"excerpt":{"rendered":"<p>A Federa\u00e7\u00e3o Nacional das Empresas de Servi\u00e7os Cont\u00e1beis e das Empresas de Assessoramento, Per\u00edcias, Informa\u00e7\u00f5es e Pesquisas (FENACON) realizar\u00e1, entre os dias 4 e 6 de dezembro, o 2\u00ba Congresso Fenacon 2024. O evento acontecer\u00e1 no Edif\u00edcio CNC, em Bras\u00edlia, reunindo mais de 180 participantes, incluindo especialistas e representantes do setor, para discutir os desafios [&hellip;]<\/p>\n","protected":false},"author":2,"featured_media":4008,"comment_status":"open","ping_status":"open","sticky":false,"template":"","format":"standard","meta":{"footnotes":""},"categories":[23],"tags":[],"class_list":{"0":"post-4007","1":"post","2":"type-post","3":"status-publish","4":"format-standard","5":"has-post-thumbnail","7":"category-feirasdenegocios"},"_links":{"self":[{"href":"https:\/\/tveventos.tv.br\/index.php?rest_route=\/wp\/v2\/posts\/4007","targetHints":{"allow":["GET"]}}],"collection":[{"href":"https:\/\/tveventos.tv.br\/index.php?rest_route=\/wp\/v2\/posts"}],"about":[{"href":"https:\/\/tveventos.tv.br\/index.php?rest_route=\/wp\/v2\/types\/post"}],"author":[{"embeddable":true,"href":"https:\/\/tveventos.tv.br\/index.php?rest_route=\/wp\/v2\/users\/2"}],"replies":[{"embeddable":true,"href":"https:\/\/tveventos.tv.br\/index.php?rest_route=%2Fwp%2Fv2%2Fcomments&post=4007"}],"version-history":[{"count":1,"href":"https:\/\/tveventos.tv.br\/index.php?rest_route=\/wp\/v2\/posts\/4007\/revisions"}],"predecessor-version":[{"id":4009,"href":"https:\/\/tveventos.tv.br\/index.php?rest_route=\/wp\/v2\/posts\/4007\/revisions\/4009"}],"wp:featuredmedia":[{"embeddable":true,"href":"https:\/\/tveventos.tv.br\/index.php?rest_route=\/wp\/v2\/media\/4008"}],"wp:attachment":[{"href":"https:\/\/tveventos.tv.br\/index.php?rest_route=%2Fwp%2Fv2%2Fmedia&parent=4007"}],"wp:term":[{"taxonomy":"category","embeddable":true,"href":"https:\/\/tveventos.tv.br\/index.php?rest_route=%2Fwp%2Fv2%2Fcategories&post=4007"},{"taxonomy":"post_tag","embeddable":true,"href":"https:\/\/tveventos.tv.br\/index.php?rest_route=%2Fwp%2Fv2%2Ftags&post=4007"}],"curies":[{"name":"wp","href":"https:\/\/api.w.org\/{rel}","templated":true}]}}