{"id":4010,"date":"2024-11-28T12:47:34","date_gmt":"2024-11-28T15:47:34","guid":{"rendered":"https:\/\/tveventos.tv.br\/?p=4010"},"modified":"2024-11-28T12:47:38","modified_gmt":"2024-11-28T15:47:38","slug":"hsm-anuncia-historiador-yuval-noah-harari-para-25a-edicao-do-evento","status":"publish","type":"post","link":"https:\/\/tveventos.tv.br\/?p=4010","title":{"rendered":"HSM+ anuncia historiador Yuval Noah Harari para 25\u00aa edi\u00e7\u00e3o do evento"},"content":{"rendered":"\n<p>Reunindo milhares de l\u00edderes, entre empreendedores, executivos e CEOs, nesta \u00faltima ter\u00e7a (26) e quarta-feira (27) em S\u00e3o Paulo, o hsm+, o mais relevante evento de gest\u00e3o e inova\u00e7\u00e3o da Am\u00e9rica Latina, anunciou a presen\u00e7a do fil\u00f3sofo e historiador mundialmente conhecido Yuval Noah Harari para a edi\u00e7\u00e3o de 25 anos do evento, j\u00e1 programada para acontecer em novembro do pr\u00f3ximo ano.<\/p>\n\n\n\n<p>A informa\u00e7\u00e3o foi anunciada por Reynaldo Gama, CEO do HSM, maior plataforma de conhecimento e educa\u00e7\u00e3o corporativa do pa\u00eds e respons\u00e1vel pelo evento hsm+. Ser\u00e1 a segunda vez que Harari &#8211; autor best-seller de obras como \u201cSapiens &#8211; Uma Breve Hist\u00f3ria da Humanidade\u201d e \u201cNexus: Uma Breve Hist\u00f3ria das Redes de Informa\u00e7\u00e3o, da Idade da Pedra \u00e0 Intelig\u00eancia Artificial\u201d &#8211; estar\u00e1 presente no hsm+; a segunda fora em 2019 quando ele esteve presente para falar sobre \u201cOs Novos Desafios do S\u00e9culo 21\u201d.<\/p>\n\n\n\n<p>\u201cEstes 25 anos abrem a possibilidade para unirmos passado, presente e futuro em uma programa\u00e7\u00e3o \u00fanica que refletir\u00e1 o legado do evento. Vamos trazer nomes que mais se destacaram ao longo dessas mais de duas d\u00e9cadas de evento e preparar uma nova edi\u00e7\u00e3o ainda mais especial\u201d, destacou o executivo.<\/p>\n\n\n\n<p>Al\u00e9m do primeiro speaker oficial do evento, o CEO da HSM anunciou uma segunda novidade: a realiza\u00e7\u00e3o do evento in\u00e9dito hsm+ AGRO, previsto para acontecer em Bras\u00edlia (DF), em agosto do pr\u00f3ximo ano. \u201cTraremos uma nova vertical, um spin-off, o nosso primeiro \u2018filhote\u2019 setorial, que levaremos, pela primeira vez, para fora de S\u00e3o Paulo\u201d.<\/p>\n\n\n\n<p>Ao lado de Gama, Igor Tobias, diretor-geral da MCI, ag\u00eancia global de marketing e realizadora do hsm+, ressaltou a import\u00e2ncia do evento, que ofereceu n\u00e3o apenas conte\u00fados relevantes, mas reflex\u00f5es profundas. \u201cFico muito grato em fazer parte desse projeto. Realmente tem sido uma experi\u00eancia transformadora para o p\u00fablico, que pode voltar para casa e pode ser melhor que ontem, sem mencionar a oportunidade que os l\u00edderes t\u00eam de se conectar de forma realmente significativa\u201d, observou, referindo-se ao tema da edi\u00e7\u00e3o 2024, \u201cConex\u00f5es Significativas\u201d.<br>&nbsp;<\/p>\n\n\n\n<p><em><strong>Tecnologia foi ponto alto no segundo dia<\/strong><\/em><\/p>\n\n\n\n<p>Durante o segundo e \u00faltimo dia do hsm+, um dos destaques foram as tem\u00e1ticas relacionadas \u00e0 intelig\u00eancia artificial e tecnologia aplicada aos neg\u00f3cios, presente em palestras com profissionais de peso: como a do CEO do Google Brasil, Fabio Coelho. Durante o painel \u201cLideran\u00e7a na Era da Intelig\u00eancia Artificial\u201d, o executivo atentou que \u201cas pessoas v\u00e3o perder o emprego\u201d para aquelas \u201cque fazem as perguntas certas para a intelig\u00eancia artificial\u201d.<\/p>\n\n\n\n<p>Paralelamente no painel &#8220;Ciberseguran\u00e7a para Cyberbusiness&#8221;, Marcelo Pinheiro, Staff Solutions Engineer do Google, falou sobre a urg\u00eancia em fortalecer as defesas digitais das empresas. &#8220;A combina\u00e7\u00e3o da intelig\u00eancia artificial com a ciberseguran\u00e7a \u00e9 fundamental para garantir a prote\u00e7\u00e3o de dados e sistemas&#8221;.<br><br>Diego Barreto, CEO do iFood, tamb\u00e9m comentou sobre o assunto durante o painel \u201cFuturo da IA: um Olhar de CEOs sobre Aplica\u00e7\u00f5es na Pr\u00e1tica e Impacto para os Neg\u00f3cios\u201d. \u201cO ChatGPT n\u00e3o \u00e9 uma amea\u00e7a, s\u00f3 substituir\u00e1 quem n\u00e3o se modernizar. \u00c9 uma ferramenta para alavancar neg\u00f3cios, principalmente os pequenos\u201d.<\/p>\n\n\n\n<p>O canadense Alex Tapscott, considerado um dos principais influenciadores da ind\u00fastria de blockchain, tamb\u00e9m foi destaque. No decorrer da palestra \u201cA Pr\u00f3xima Fronteira da Inova\u00e7\u00e3o: A Revolu\u00e7\u00e3o da WEB3\u201d, ele observou que o Banco Central \u201cteme o digital, porque est\u00e1 preocupado em perder o controle da moeda\u201d. A fala tem rela\u00e7\u00e3o com o Drex, primeira moeda digital do pa\u00eds, que tem expectativa de ser lan\u00e7ada em 2025. O canadense deu uma aula sobre web e nova era da internet e convidou o p\u00fablico a ler mais sobre estes assuntos em seu mais recente livro \u201cWEB3: Mapeando a Pr\u00f3xima Fronteira Econ\u00f4mica e Cultural da Internet\u201d, que teve a vers\u00e3o em portugu\u00eas lan\u00e7ada oficialmente no hsm+.<\/p>\n\n\n\n<p><em><strong>Sobre o hsm+<\/strong><\/em><br><em>O hsm+ \u00e9 o maior evento de gest\u00e3o da Am\u00e9rica Latina, reunindo as principais vozes globais e protagonistas do cen\u00e1rio brasileiro em mais de 50 horas de conte\u00fado durante dois dias. A ocasi\u00e3o \u00e9 uma oportunidade para encontros presenciais de investidores, gestores e l\u00edderes do Brasil e do mundo. Uma experi\u00eancia ainda mais transformadora de conhecimento, pr\u00e1tica e relacionamento. O principal evento da HSM \u00e9 uma plataforma de conhecimento e reflete o que a empresa vem construindo ao longo de seus 37 anos: ser one stop shop da educa\u00e7\u00e3o corporativa, oferecendo tudo para uma jornada de lifelong learning individual, al\u00e9m de proporcionar networking para empresas e oportunidade para novos neg\u00f3cios. Para apoiar na execu\u00e7\u00e3o, a HSM se juntou ao maior organizador de confer\u00eancias profissionais do mundo \u2013 a MCI, com sede em Genebra, na Su\u00ed\u00e7a. Ap\u00f3s 22 anos como HSM Expo, o evento mudou de nome para hsm+ por entender que a jornada vai al\u00e9m das exposi\u00e7\u00f5es e aposta em um formato mais voltado para o user experience.<\/em><\/p>\n\n\n\n<p><em><strong>Sobre a MCI&nbsp;<\/strong>&nbsp;<\/em><br><em>A MCI \u00e9 uma ag\u00eancia global de marketing de engajamento que transforma a rela\u00e7\u00e3o das pessoas e empresas em experi\u00eancias memor\u00e1veis. Com mais de 30 anos de experi\u00eancia, est\u00e1 presente em 31 pa\u00edses, com mais de 60 escrit\u00f3rios. Disposta a transformar os desafios dos clientes em oportunidades de forma estrat\u00e9gica, atua como consultora e parceira e j\u00e1 entregou mais de 5,5 mil campanhas e ativa\u00e7\u00f5es para mais de 1,2 mil clientes ao longo dos anos.<\/em><\/p>\n","protected":false},"excerpt":{"rendered":"<p>Reunindo milhares de l\u00edderes, entre empreendedores, executivos e CEOs, nesta \u00faltima ter\u00e7a (26) e quarta-feira (27) em S\u00e3o Paulo, o hsm+, o mais relevante evento de gest\u00e3o e inova\u00e7\u00e3o da Am\u00e9rica Latina, anunciou a presen\u00e7a do fil\u00f3sofo e historiador mundialmente conhecido Yuval Noah Harari para a edi\u00e7\u00e3o de 25 anos do evento, j\u00e1 programada para [&hellip;]<\/p>\n","protected":false},"author":2,"featured_media":4011,"comment_status":"open","ping_status":"open","sticky":false,"template":"","format":"standard","meta":{"footnotes":""},"categories":[23],"tags":[],"class_list":{"0":"post-4010","1":"post","2":"type-post","3":"status-publish","4":"format-standard","5":"has-post-thumbnail","7":"category-feirasdenegocios"},"_links":{"self":[{"href":"https:\/\/tveventos.tv.br\/index.php?rest_route=\/wp\/v2\/posts\/4010","targetHints":{"allow":["GET"]}}],"collection":[{"href":"https:\/\/tveventos.tv.br\/index.php?rest_route=\/wp\/v2\/posts"}],"about":[{"href":"https:\/\/tveventos.tv.br\/index.php?rest_route=\/wp\/v2\/types\/post"}],"author":[{"embeddable":true,"href":"https:\/\/tveventos.tv.br\/index.php?rest_route=\/wp\/v2\/users\/2"}],"replies":[{"embeddable":true,"href":"https:\/\/tveventos.tv.br\/index.php?rest_route=%2Fwp%2Fv2%2Fcomments&post=4010"}],"version-history":[{"count":1,"href":"https:\/\/tveventos.tv.br\/index.php?rest_route=\/wp\/v2\/posts\/4010\/revisions"}],"predecessor-version":[{"id":4012,"href":"https:\/\/tveventos.tv.br\/index.php?rest_route=\/wp\/v2\/posts\/4010\/revisions\/4012"}],"wp:featuredmedia":[{"embeddable":true,"href":"https:\/\/tveventos.tv.br\/index.php?rest_route=\/wp\/v2\/media\/4011"}],"wp:attachment":[{"href":"https:\/\/tveventos.tv.br\/index.php?rest_route=%2Fwp%2Fv2%2Fmedia&parent=4010"}],"wp:term":[{"taxonomy":"category","embeddable":true,"href":"https:\/\/tveventos.tv.br\/index.php?rest_route=%2Fwp%2Fv2%2Fcategories&post=4010"},{"taxonomy":"post_tag","embeddable":true,"href":"https:\/\/tveventos.tv.br\/index.php?rest_route=%2Fwp%2Fv2%2Ftags&post=4010"}],"curies":[{"name":"wp","href":"https:\/\/api.w.org\/{rel}","templated":true}]}}