{"id":4014,"date":"2024-11-28T15:59:48","date_gmt":"2024-11-28T18:59:48","guid":{"rendered":"https:\/\/tveventos.tv.br\/?p=4014"},"modified":"2024-11-28T15:59:52","modified_gmt":"2024-11-28T18:59:52","slug":"forum-negocios-2024-espera-receber-mais-de-6-mil-pessoas-a-partir-desta-quinta-feira-28","status":"publish","type":"post","link":"https:\/\/tveventos.tv.br\/?p=4014","title":{"rendered":"F\u00f3rum Neg\u00f3cios 2024 espera receber mais de 6 mil pessoas a partir desta quinta-feira (28)"},"content":{"rendered":"\n<p>Festival de empreendedorismo ser\u00e1 realizado no Centro de Conven\u00e7\u00f5es de Natal, com 32 palestras sobre temas como vendas e escalabilidade, IA e tecnologia, networking e marketing.<\/p>\n\n\n\n<p>O Centro de Conven\u00e7\u00f5es de\u00a0Natal\u00a0recebe nesta quinta (28) e sexta-feira (29) a maior edi\u00e7\u00e3o do F\u00f3rum Neg\u00f3cios, um dos maiores eventos de empreendedorismo do Brasil. Entre os palestrantes est\u00e3o confirmados nomes como Luiza Trajano, Paulo Muzy, Eike Batista, Walter Longo, Carlos Busch, Rosely Boschini e Thiago Reis.<\/p>\n\n\n\n<p>A expectativa da organiza\u00e7\u00e3o \u00e9 receber mais de 6 mil pessoas no evento. Ser\u00e3o mais de 22 horas de conte\u00fado imersivo, al\u00e9m de uma \u00e1rea com mais de 100 expositores. Os ingressos s\u00e3o vendidos\u00a0pela internet.<\/p>\n\n\n\n<p>Com o tema &#8220;A chave para o sucesso&#8221;, o F\u00f3rum Neg\u00f3cios 2024 \u00e9 visto como uma oportunidade de transformar carreiras e neg\u00f3cios, abrindo portas para novas conex\u00f5es, insights disruptivos e ferramentas pr\u00e1ticas capazes de alavancar resultados em at\u00e9 cinco vezes.<\/p>\n\n\n\n<p>Idealizado pelos jornalistas Jean Val\u00e9rio e Jeanny Damas, o evento conta com lounges para networking, al\u00e9m de pra\u00e7a de alimenta\u00e7\u00e3o. &#8220;Aqui entregamos o que h\u00e1 de melhor em conhecimento, mas tamb\u00e9m promovemos um ambiente para troca de ideias e conex\u00f5es que mudam vidas&#8221;, destaca a diretora geral do FN, Jeanny Damas.<\/p>\n\n\n\n<p>Os temas abordados nas palestras incluem vendas e escalabilidade, pessoas e processos, gest\u00e3o, estrat\u00e9gia e finan\u00e7as, IA e tecnologia, intelig\u00eancia emocional, networking, marketing, posicionamento, lideran\u00e7a e cultura, oferecendo insights pr\u00e1ticos e ferramentas para empreendedores e profissionais de alta performance.<\/p>\n\n\n\n<p>&#8220;Queremos que cada participante saia daqui com uma nova vis\u00e3o do seu neg\u00f3cio e do seu potencial. Nossa miss\u00e3o \u00e9 oferecer n\u00e3o s\u00f3 as ferramentas, mas tamb\u00e9m a inspira\u00e7\u00e3o necess\u00e1ria para alcan\u00e7ar novos patamares de sucesso&#8221;, afirma Jean Val\u00e9rio, idealizador e CEO do F\u00f3rum.<\/p>\n\n\n\n<p>Leonardo Castelo, Dema Oliveira, Andr\u00e9 Alves, Alexandre Taleb, Fernando Godoy, Gustavo Favaron, Luciano Almeida, Thiago Lajus, Richard Albanesi, Arthur Rufino, Carina Previato, Claudio Santos, Eduardo Frezarin, Erick Loureiro, Fabiane Mainone, Giovani Begossi, Miguel Setas, Dr. Paulo Duarte, Ricardo Bellino, Rafael Medeiros, Walkyria Fernandes, Theo Braga, Nelson Wilians e Leandro Borracheiro s\u00e3o outros palestrantes anunciados.<\/p>\n","protected":false},"excerpt":{"rendered":"<p>Festival de empreendedorismo ser\u00e1 realizado no Centro de Conven\u00e7\u00f5es de Natal, com 32 palestras sobre temas como vendas e escalabilidade, IA e tecnologia, networking e marketing. O Centro de Conven\u00e7\u00f5es de\u00a0Natal\u00a0recebe nesta quinta (28) e sexta-feira (29) a maior edi\u00e7\u00e3o do F\u00f3rum Neg\u00f3cios, um dos maiores eventos de empreendedorismo do Brasil. Entre os palestrantes est\u00e3o [&hellip;]<\/p>\n","protected":false},"author":2,"featured_media":4015,"comment_status":"open","ping_status":"open","sticky":false,"template":"","format":"standard","meta":{"footnotes":""},"categories":[23],"tags":[],"class_list":{"0":"post-4014","1":"post","2":"type-post","3":"status-publish","4":"format-standard","5":"has-post-thumbnail","7":"category-feirasdenegocios"},"_links":{"self":[{"href":"https:\/\/tveventos.tv.br\/index.php?rest_route=\/wp\/v2\/posts\/4014","targetHints":{"allow":["GET"]}}],"collection":[{"href":"https:\/\/tveventos.tv.br\/index.php?rest_route=\/wp\/v2\/posts"}],"about":[{"href":"https:\/\/tveventos.tv.br\/index.php?rest_route=\/wp\/v2\/types\/post"}],"author":[{"embeddable":true,"href":"https:\/\/tveventos.tv.br\/index.php?rest_route=\/wp\/v2\/users\/2"}],"replies":[{"embeddable":true,"href":"https:\/\/tveventos.tv.br\/index.php?rest_route=%2Fwp%2Fv2%2Fcomments&post=4014"}],"version-history":[{"count":1,"href":"https:\/\/tveventos.tv.br\/index.php?rest_route=\/wp\/v2\/posts\/4014\/revisions"}],"predecessor-version":[{"id":4016,"href":"https:\/\/tveventos.tv.br\/index.php?rest_route=\/wp\/v2\/posts\/4014\/revisions\/4016"}],"wp:featuredmedia":[{"embeddable":true,"href":"https:\/\/tveventos.tv.br\/index.php?rest_route=\/wp\/v2\/media\/4015"}],"wp:attachment":[{"href":"https:\/\/tveventos.tv.br\/index.php?rest_route=%2Fwp%2Fv2%2Fmedia&parent=4014"}],"wp:term":[{"taxonomy":"category","embeddable":true,"href":"https:\/\/tveventos.tv.br\/index.php?rest_route=%2Fwp%2Fv2%2Fcategories&post=4014"},{"taxonomy":"post_tag","embeddable":true,"href":"https:\/\/tveventos.tv.br\/index.php?rest_route=%2Fwp%2Fv2%2Ftags&post=4014"}],"curies":[{"name":"wp","href":"https:\/\/api.w.org\/{rel}","templated":true}]}}