{"id":4018,"date":"2024-12-02T11:29:48","date_gmt":"2024-12-02T14:29:48","guid":{"rendered":"https:\/\/tveventos.tv.br\/?p=4018"},"modified":"2024-12-02T11:29:51","modified_gmt":"2024-12-02T14:29:51","slug":"fenasoja-2024-ato-simbolico-marca-plantio-da-soja-no-pais","status":"publish","type":"post","link":"https:\/\/tveventos.tv.br\/?p=4018","title":{"rendered":"Fenasoja 2024: Ato simb\u00f3lico marca plantio da soja no pa\u00eds"},"content":{"rendered":"\n<p>A celebra\u00e7\u00e3o dos 100 anos da soja no Brasil seguiu neste s\u00e1bado (30\/04), na Fenasoja 2024, com o ato simb\u00f3lico do plantio da soja no pa\u00eds, que mobilizou lideran\u00e7as do setor agropecu\u00e1rio e imprensa junto \u00e0 \u00e1rea da Exporural, em Santa Rosa, munic\u00edpio que leva o t\u00edtulo de Ber\u00e7o Nacional da Soja. Na oportunidade tamb\u00e9m foram apresentadas as estimativas da safra da soja no Rio Grande do Sul para o ano de 2024\/25.&nbsp;<\/p>\n\n\n\n<p>A a\u00e7\u00e3o promovida pela Fenasoja, atrav\u00e9s da Comiss\u00e3o da Exporural, contou com o apoio da Massey Fergunson &#8211; AGCO e da John Deere, bem como apresenta\u00e7\u00e3o dos dados pela Emater\/RS-Ascar.&nbsp;<\/p>\n\n\n\n<p>Na oportunidade, o Pastor Walter Lehenbauer, neto de Albert Lehenbauer que trouxe as primeiras sementes de soja h\u00e1 100 anos, em men\u00e7\u00e3o \u00e0 mem\u00f3ria do legado de seu av\u00f4, conduziu uma ben\u00e7\u00e3o da safra atual da soja no Brasil.&nbsp;<\/p>\n\n\n\n<p>Estimativas da Safra de Soja para o RS&nbsp;&nbsp;<\/p>\n\n\n\n<p>Os dados relativos ao levantamento realizado pela Emater\/RS-Ascar em 445 munic\u00edpios do RS foram apresentados pelo diretor t\u00e9cnico da Institui\u00e7\u00e3o, Claudinei Baldissera, com destaque para a soja, cuja produ\u00e7\u00e3o na safra atual, se as condi\u00e7\u00f5es clim\u00e1ticas se mantiverem favor\u00e1veis, dever\u00e1 ser superior a 21,6 milh\u00f5es de toneladas no Rio Grande do Sul, valor 18,59% maior do que o colhido no ciclo 2023\/2024.&nbsp;<\/p>\n\n\n\n<p>Baldissera salientou o aumento de 1,54% na \u00e1rea de plantio estimada para a oleaginosa no Rio Grande do Sul em rela\u00e7\u00e3o \u00e0 safra passada, devendo ocupar 6.811.344 hectares no ciclo atual. A produtividade esperada no RS \u00e9 13,17% superior \u00e0 do ano passado, devendo chegar aos 3.179 kg\/ha.<\/p>\n\n\n\n<p>As lavouras semeadas no final de outubro e in\u00edcio de novembro apresentam boa germina\u00e7\u00e3o e estande adequado. Aquelas plantadas a partir da segunda quinzena de novembro, com per\u00edodos de poucas chuvas, apresentaram algumas falhas de germina\u00e7\u00e3o, mas sem comprometer o estande da lavoura.<\/p>\n\n\n\n<p>Na regi\u00e3o de abrang\u00eancia do Escrit\u00f3rio Regional da Emater\/RS-Ascar de Santa Rosa a \u00e1rea de produ\u00e7\u00e3o de soja na safra 2024\/2025 \u00e9 projetada em 779.119 hectares, com produtividade esperada de 3.132 kg\/ha e produ\u00e7\u00e3o de 2.440.201 toneladas do gr\u00e3o.<\/p>\n\n\n\n<p><\/p>\n","protected":false},"excerpt":{"rendered":"<p>A celebra\u00e7\u00e3o dos 100 anos da soja no Brasil seguiu neste s\u00e1bado (30\/04), na Fenasoja 2024, com o ato simb\u00f3lico do plantio da soja no pa\u00eds, que mobilizou lideran\u00e7as do setor agropecu\u00e1rio e imprensa junto \u00e0 \u00e1rea da Exporural, em Santa Rosa, munic\u00edpio que leva o t\u00edtulo de Ber\u00e7o Nacional da Soja. Na oportunidade tamb\u00e9m [&hellip;]<\/p>\n","protected":false},"author":2,"featured_media":4019,"comment_status":"open","ping_status":"open","sticky":false,"template":"","format":"standard","meta":{"footnotes":""},"categories":[23],"tags":[],"class_list":{"0":"post-4018","1":"post","2":"type-post","3":"status-publish","4":"format-standard","5":"has-post-thumbnail","7":"category-feirasdenegocios"},"_links":{"self":[{"href":"https:\/\/tveventos.tv.br\/index.php?rest_route=\/wp\/v2\/posts\/4018","targetHints":{"allow":["GET"]}}],"collection":[{"href":"https:\/\/tveventos.tv.br\/index.php?rest_route=\/wp\/v2\/posts"}],"about":[{"href":"https:\/\/tveventos.tv.br\/index.php?rest_route=\/wp\/v2\/types\/post"}],"author":[{"embeddable":true,"href":"https:\/\/tveventos.tv.br\/index.php?rest_route=\/wp\/v2\/users\/2"}],"replies":[{"embeddable":true,"href":"https:\/\/tveventos.tv.br\/index.php?rest_route=%2Fwp%2Fv2%2Fcomments&post=4018"}],"version-history":[{"count":1,"href":"https:\/\/tveventos.tv.br\/index.php?rest_route=\/wp\/v2\/posts\/4018\/revisions"}],"predecessor-version":[{"id":4020,"href":"https:\/\/tveventos.tv.br\/index.php?rest_route=\/wp\/v2\/posts\/4018\/revisions\/4020"}],"wp:featuredmedia":[{"embeddable":true,"href":"https:\/\/tveventos.tv.br\/index.php?rest_route=\/wp\/v2\/media\/4019"}],"wp:attachment":[{"href":"https:\/\/tveventos.tv.br\/index.php?rest_route=%2Fwp%2Fv2%2Fmedia&parent=4018"}],"wp:term":[{"taxonomy":"category","embeddable":true,"href":"https:\/\/tveventos.tv.br\/index.php?rest_route=%2Fwp%2Fv2%2Fcategories&post=4018"},{"taxonomy":"post_tag","embeddable":true,"href":"https:\/\/tveventos.tv.br\/index.php?rest_route=%2Fwp%2Fv2%2Ftags&post=4018"}],"curies":[{"name":"wp","href":"https:\/\/api.w.org\/{rel}","templated":true}]}}