{"id":4021,"date":"2024-12-02T12:18:28","date_gmt":"2024-12-02T15:18:28","guid":{"rendered":"https:\/\/tveventos.tv.br\/?p=4021"},"modified":"2024-12-02T12:18:30","modified_gmt":"2024-12-02T15:18:30","slug":"expo-favela-innovation","status":"publish","type":"post","link":"https:\/\/tveventos.tv.br\/?p=4021","title":{"rendered":"EXPO FAVELA INNOVATION"},"content":{"rendered":"\n<p>A Expo Favela Innovation \u00e9 uma feira de neg\u00f3cios cujos expositores s\u00e3o empreendedores das favelas. O objetivo \u00e9 dar visibilidade a essas iniciativas e, assim, proporcionar um palco para o encontro com investidores que possam acelerar esses empreendimentos e gerar neg\u00f3cios a partir das oportunidades que surgir\u00e3o nos eventos.<\/p>\n\n\n\n<h4 class=\"wp-block-heading\">Junte-se a n\u00f3s nos dias 06 a 08 de Dezembro, das 10h \u00e0s 18h, no Expo Center Norte.<\/h4>\n\n\n\n<h4 class=\"wp-block-heading\">Endere\u00e7o: Rua Jos\u00e9 Bernardo Pinto 333, S\u00e3o Paulo, SP, 02055-000.<\/h4>\n\n\n\n<p><\/p>\n","protected":false},"excerpt":{"rendered":"<p>A Expo Favela Innovation \u00e9 uma feira de neg\u00f3cios cujos expositores s\u00e3o empreendedores das favelas. O objetivo \u00e9 dar visibilidade a essas iniciativas e, assim, proporcionar um palco para o encontro com investidores que possam acelerar esses empreendimentos e gerar neg\u00f3cios a partir das oportunidades que surgir\u00e3o nos eventos. Junte-se a n\u00f3s nos dias 06 [&hellip;]<\/p>\n","protected":false},"author":2,"featured_media":4022,"comment_status":"open","ping_status":"open","sticky":false,"template":"","format":"standard","meta":{"footnotes":""},"categories":[25],"tags":[],"class_list":{"0":"post-4021","1":"post","2":"type-post","3":"status-publish","4":"format-standard","5":"has-post-thumbnail","7":"category-calendariodeeventos"},"_links":{"self":[{"href":"https:\/\/tveventos.tv.br\/index.php?rest_route=\/wp\/v2\/posts\/4021","targetHints":{"allow":["GET"]}}],"collection":[{"href":"https:\/\/tveventos.tv.br\/index.php?rest_route=\/wp\/v2\/posts"}],"about":[{"href":"https:\/\/tveventos.tv.br\/index.php?rest_route=\/wp\/v2\/types\/post"}],"author":[{"embeddable":true,"href":"https:\/\/tveventos.tv.br\/index.php?rest_route=\/wp\/v2\/users\/2"}],"replies":[{"embeddable":true,"href":"https:\/\/tveventos.tv.br\/index.php?rest_route=%2Fwp%2Fv2%2Fcomments&post=4021"}],"version-history":[{"count":1,"href":"https:\/\/tveventos.tv.br\/index.php?rest_route=\/wp\/v2\/posts\/4021\/revisions"}],"predecessor-version":[{"id":4023,"href":"https:\/\/tveventos.tv.br\/index.php?rest_route=\/wp\/v2\/posts\/4021\/revisions\/4023"}],"wp:featuredmedia":[{"embeddable":true,"href":"https:\/\/tveventos.tv.br\/index.php?rest_route=\/wp\/v2\/media\/4022"}],"wp:attachment":[{"href":"https:\/\/tveventos.tv.br\/index.php?rest_route=%2Fwp%2Fv2%2Fmedia&parent=4021"}],"wp:term":[{"taxonomy":"category","embeddable":true,"href":"https:\/\/tveventos.tv.br\/index.php?rest_route=%2Fwp%2Fv2%2Fcategories&post=4021"},{"taxonomy":"post_tag","embeddable":true,"href":"https:\/\/tveventos.tv.br\/index.php?rest_route=%2Fwp%2Fv2%2Ftags&post=4021"}],"curies":[{"name":"wp","href":"https:\/\/api.w.org\/{rel}","templated":true}]}}