{"id":4024,"date":"2024-12-02T12:28:00","date_gmt":"2024-12-02T15:28:00","guid":{"rendered":"https:\/\/tveventos.tv.br\/?p=4024"},"modified":"2024-12-02T12:28:03","modified_gmt":"2024-12-02T15:28:03","slug":"expo-center-norte-recebe-a-grande-final-da-expo-favela-innovation-brasil-2024","status":"publish","type":"post","link":"https:\/\/tveventos.tv.br\/?p=4024","title":{"rendered":"Expo Center Norte recebe a grande final da Expo Favela innovation Brasil 2024"},"content":{"rendered":"\n<p>Nos dias 6, 7 e 8 de dezembro, a final\u00edssima da Expo Favela Innovation chega novamente ao Expo Center Norte para encerrar a agenda de 2024. A Expo Favela Innovation Brasil contar\u00e1 com diversos convidados e mais de 10 espa\u00e7os \u00fanicos, projetados para expor os melhores neg\u00f3cios das favelas e proporcionar experi\u00eancias incr\u00edveis.<\/p>\n\n\n\n<p><strong>Conhe\u00e7a o espa\u00e7o<\/strong><\/p>\n\n\n\n<p>O Expo Center Norte est\u00e1 localizado na Rua Jos\u00e9 Bernardo Pinto, n\u00famero 333, na Vila Guilherme, em S\u00e3o Paulo. Assim como na edi\u00e7\u00e3o anterior, a Expo Favela ocupar\u00e1 um pavilh\u00e3o com mais de 19.000 m\u00b2.<\/p>\n\n\n\n<p><strong>Principais experi\u00eancias<\/strong><\/p>\n\n\n\n<p>O visitante da Expo Favela ter\u00e1 acesso a experi\u00eancias \u00fanicas em diversos espa\u00e7os planejados. O primeiro deles \u00e9 a&nbsp;<strong>Arena Sol<\/strong>, onde ser\u00e3o realizadas confer\u00eancias com grandes nomes das favelas e do asfalto.<\/p>\n\n\n\n<p>Tamb\u00e9m teremos um espa\u00e7o destinado a&nbsp;<strong>Empreendedores e Startups<\/strong>, onde os 10 finalistas de cada estado apresentar\u00e3o seus neg\u00f3cios para investidores e para o p\u00fablico em geral.<\/p>\n\n\n\n<p>Outro ponto de destaque \u00e9 o espa\u00e7o dedicado aos&nbsp;<strong>patrocinadores<\/strong>. Neste local, as empresas que acreditam na pot\u00eancia das favelas ter\u00e3o a oportunidade de construir uma rede de contatos e aprender mais sobre tend\u00eancias e casos de sucesso.<\/p>\n\n\n\n<p><strong>N\u00e3o basta acreditar na favela, tem que investir nela!<\/strong><\/p>\n\n\n\n<p>Portanto, n\u00e3o fique de fora! Venha fazer da Expo Favela Innovation um evento inesquec\u00edvel! Ingressos \u00e0 venda em breve. Fique ligado!<\/p>\n","protected":false},"excerpt":{"rendered":"<p>Nos dias 6, 7 e 8 de dezembro, a final\u00edssima da Expo Favela Innovation chega novamente ao Expo Center Norte para encerrar a agenda de 2024. A Expo Favela Innovation Brasil contar\u00e1 com diversos convidados e mais de 10 espa\u00e7os \u00fanicos, projetados para expor os melhores neg\u00f3cios das favelas e proporcionar experi\u00eancias incr\u00edveis. Conhe\u00e7a o [&hellip;]<\/p>\n","protected":false},"author":2,"featured_media":4025,"comment_status":"open","ping_status":"open","sticky":false,"template":"","format":"standard","meta":{"footnotes":""},"categories":[23],"tags":[],"class_list":{"0":"post-4024","1":"post","2":"type-post","3":"status-publish","4":"format-standard","5":"has-post-thumbnail","7":"category-feirasdenegocios"},"_links":{"self":[{"href":"https:\/\/tveventos.tv.br\/index.php?rest_route=\/wp\/v2\/posts\/4024","targetHints":{"allow":["GET"]}}],"collection":[{"href":"https:\/\/tveventos.tv.br\/index.php?rest_route=\/wp\/v2\/posts"}],"about":[{"href":"https:\/\/tveventos.tv.br\/index.php?rest_route=\/wp\/v2\/types\/post"}],"author":[{"embeddable":true,"href":"https:\/\/tveventos.tv.br\/index.php?rest_route=\/wp\/v2\/users\/2"}],"replies":[{"embeddable":true,"href":"https:\/\/tveventos.tv.br\/index.php?rest_route=%2Fwp%2Fv2%2Fcomments&post=4024"}],"version-history":[{"count":1,"href":"https:\/\/tveventos.tv.br\/index.php?rest_route=\/wp\/v2\/posts\/4024\/revisions"}],"predecessor-version":[{"id":4026,"href":"https:\/\/tveventos.tv.br\/index.php?rest_route=\/wp\/v2\/posts\/4024\/revisions\/4026"}],"wp:featuredmedia":[{"embeddable":true,"href":"https:\/\/tveventos.tv.br\/index.php?rest_route=\/wp\/v2\/media\/4025"}],"wp:attachment":[{"href":"https:\/\/tveventos.tv.br\/index.php?rest_route=%2Fwp%2Fv2%2Fmedia&parent=4024"}],"wp:term":[{"taxonomy":"category","embeddable":true,"href":"https:\/\/tveventos.tv.br\/index.php?rest_route=%2Fwp%2Fv2%2Fcategories&post=4024"},{"taxonomy":"post_tag","embeddable":true,"href":"https:\/\/tveventos.tv.br\/index.php?rest_route=%2Fwp%2Fv2%2Ftags&post=4024"}],"curies":[{"name":"wp","href":"https:\/\/api.w.org\/{rel}","templated":true}]}}