{"id":4027,"date":"2024-12-03T11:21:20","date_gmt":"2024-12-03T14:21:20","guid":{"rendered":"https:\/\/tveventos.tv.br\/?p=4027"},"modified":"2024-12-03T11:21:23","modified_gmt":"2024-12-03T14:21:23","slug":"febratextil-ja-e-um-sucesso-em-menos-de-24-horas-a-feira-tem-mais-de-1-600-inscritos","status":"publish","type":"post","link":"https:\/\/tveventos.tv.br\/?p=4027","title":{"rendered":"FebraT\u00eaxtil j\u00e1 \u00e9 um Sucesso! Em menos de 24 horas, a feira tem mais de 1.600 inscritos"},"content":{"rendered":"\n<p>O segmento t\u00eaxtil brasileiro est\u00e1 mostrando sua for\u00e7a e entusiasmo pela FebraT\u00eaxtil 2025. Em menos de 24 horas ap\u00f3s a abertura das inscri\u00e7\u00f5es, o evento j\u00e1 registrou um recorde de visitantes interessados.<\/p>\n\n\n\n<p>Esse resultado refor\u00e7a a car\u00eancia do setor por iniciativas inovadoras como a FebraT\u00eaxtil, que promete ser um divisor de \u00e1guas para confec\u00e7\u00f5es e neg\u00f3cios t\u00eaxteis em S\u00e3o Paulo e nas Am\u00e9ricas.<\/p>\n\n\n\n<p><strong>Mercado t\u00eaxtil de S\u00e3o Paulo demonstra sua for\u00e7a<\/strong><\/p>\n\n\n\n<p>S\u00e3o Paulo \u00e9 a cidade das inova\u00e7\u00f5es e n\u00e3o seria diferente com o setor t\u00eaxtil, por\u00e9m h\u00e1 algum tempo j\u00e1 carecia de um evento que reunisse inova\u00e7\u00e3o, tecnologia e oportunidades de neg\u00f3cios para confec\u00e7\u00f5es e ind\u00fastrias. A FebraT\u00eaxtil veio preencher essa lacuna e j\u00e1 \u00e9 um sucesso antes mesmo de come\u00e7ar.<\/p>\n\n\n\n<p>As inscri\u00e7\u00f5es recordes mostram que empres\u00e1rios, confeccionistas e profissionais do setor est\u00e3o \u00e1vidos por uma feira que atenda \u00e0s suas demandas e os conecte com solu\u00e7\u00f5es modernas.<\/p>\n\n\n\n<p><strong>O que Esperar da FebraT\u00eaxtil 2025<\/strong><\/p>\n\n\n\n<p>Com uma programa\u00e7\u00e3o completa, a FebraT\u00eaxtil reunir\u00e1:<\/p>\n\n\n\n<ul class=\"wp-block-list\">\n<li><strong>Expositores de renome<\/strong>\u00a0apresentando os melhores produtos e servi\u00e7os do setor;<\/li>\n\n\n\n<li><strong>Workshops e palestras<\/strong>\u00a0voltados \u00e0 inova\u00e7\u00e3o e sustentabilidade;<\/li>\n\n\n\n<li><strong>Espa\u00e7os de networking<\/strong>, conectando empresas e profissionais de toda a Am\u00e9rica;<\/li>\n\n\n\n<li><strong>Podcast ao vivo<\/strong>, para elevar o debate a discuss\u00e3o de ideias que liguem o setor \u00e0s novidades;<\/li>\n\n\n\n<li><strong>Fashion Show<\/strong>, para que os expositores mostrem seus produtos;<\/li>\n\n\n\n<li><strong>BFD<\/strong>\u00a0para dar cara ao futuro do design brasileiro.\u00a0<\/li>\n<\/ul>\n\n\n\n<p>A feira ser\u00e1 realizada entre os dias 18 e 20 de fevereiro de 2025, no pavilh\u00e3o vermelho do Expo Center Norte, S\u00e3o Paulo, marcando um novo cap\u00edtulo para o mercado t\u00eaxtil.<\/p>\n\n\n\n<p><strong>Um Convite para Voc\u00ea Fazer Parte Dessa Hist\u00f3ria<\/strong><\/p>\n\n\n\n<p>Se voc\u00ea ainda n\u00e3o se inscreveu, agora \u00e9 o momento! Fa\u00e7a parte dessa grande iniciativa que promete transformar o setor t\u00eaxtil.&nbsp;<strong>Garanta sua participa\u00e7\u00e3o e veja de perto o futuro da cadeia t\u00eaxtil.<\/strong><\/p>\n\n\n\n<p>A FebraT\u00eaxtil \u00e9 mais que uma feira, \u00e9 o evento que o mercado esperava!<\/p>\n","protected":false},"excerpt":{"rendered":"<p>O segmento t\u00eaxtil brasileiro est\u00e1 mostrando sua for\u00e7a e entusiasmo pela FebraT\u00eaxtil 2025. Em menos de 24 horas ap\u00f3s a abertura das inscri\u00e7\u00f5es, o evento j\u00e1 registrou um recorde de visitantes interessados. Esse resultado refor\u00e7a a car\u00eancia do setor por iniciativas inovadoras como a FebraT\u00eaxtil, que promete ser um divisor de \u00e1guas para confec\u00e7\u00f5es e [&hellip;]<\/p>\n","protected":false},"author":2,"featured_media":4028,"comment_status":"open","ping_status":"open","sticky":false,"template":"","format":"standard","meta":{"footnotes":""},"categories":[23],"tags":[],"class_list":{"0":"post-4027","1":"post","2":"type-post","3":"status-publish","4":"format-standard","5":"has-post-thumbnail","7":"category-feirasdenegocios"},"_links":{"self":[{"href":"https:\/\/tveventos.tv.br\/index.php?rest_route=\/wp\/v2\/posts\/4027","targetHints":{"allow":["GET"]}}],"collection":[{"href":"https:\/\/tveventos.tv.br\/index.php?rest_route=\/wp\/v2\/posts"}],"about":[{"href":"https:\/\/tveventos.tv.br\/index.php?rest_route=\/wp\/v2\/types\/post"}],"author":[{"embeddable":true,"href":"https:\/\/tveventos.tv.br\/index.php?rest_route=\/wp\/v2\/users\/2"}],"replies":[{"embeddable":true,"href":"https:\/\/tveventos.tv.br\/index.php?rest_route=%2Fwp%2Fv2%2Fcomments&post=4027"}],"version-history":[{"count":1,"href":"https:\/\/tveventos.tv.br\/index.php?rest_route=\/wp\/v2\/posts\/4027\/revisions"}],"predecessor-version":[{"id":4029,"href":"https:\/\/tveventos.tv.br\/index.php?rest_route=\/wp\/v2\/posts\/4027\/revisions\/4029"}],"wp:featuredmedia":[{"embeddable":true,"href":"https:\/\/tveventos.tv.br\/index.php?rest_route=\/wp\/v2\/media\/4028"}],"wp:attachment":[{"href":"https:\/\/tveventos.tv.br\/index.php?rest_route=%2Fwp%2Fv2%2Fmedia&parent=4027"}],"wp:term":[{"taxonomy":"category","embeddable":true,"href":"https:\/\/tveventos.tv.br\/index.php?rest_route=%2Fwp%2Fv2%2Fcategories&post=4027"},{"taxonomy":"post_tag","embeddable":true,"href":"https:\/\/tveventos.tv.br\/index.php?rest_route=%2Fwp%2Fv2%2Ftags&post=4027"}],"curies":[{"name":"wp","href":"https:\/\/api.w.org\/{rel}","templated":true}]}}