{"id":4030,"date":"2024-12-03T11:28:05","date_gmt":"2024-12-03T14:28:05","guid":{"rendered":"https:\/\/tveventos.tv.br\/?p=4030"},"modified":"2024-12-03T11:28:08","modified_gmt":"2024-12-03T14:28:08","slug":"abimad-da-inicio-aos-preparativos-para-sua-39a-edicao","status":"publish","type":"post","link":"https:\/\/tveventos.tv.br\/?p=4030","title":{"rendered":"ABIMAD d\u00e1 in\u00edcio aos preparativos para sua 39\u00aa edi\u00e7\u00e3o"},"content":{"rendered":"\n<p>A\u00a0ABIMAD, principal feira de m\u00f3veis e acess\u00f3rios de alta decora\u00e7\u00e3o da Am\u00e9rica Latina e \u00fanica do setor focada em neg\u00f3cios, j\u00e1 est\u00e1 se preparando para sua\u00a039\u00aa edi\u00e7\u00e3o. O evento\u00a0ocorrer\u00e1 de 04 a 07 de fevereiro de 2025, no\u00a0S\u00e3o Paulo Expo. Focada na gera\u00e7\u00e3o de neg\u00f3cios no segmento de alta decora\u00e7\u00e3o, a feira reunir\u00e1 os principais nomes da ind\u00fastria do mobili\u00e1rio e acess\u00f3rios para apresentar as novidades e tend\u00eancias para lojistas do Brasil e do exterior.<\/p>\n\n\n\n<p>O credenciamento j\u00e1 est\u00e1 aberto desde 1\u00ba de outubro, sendo exclusivamente online at\u00e9 o \u00faltimo dia da feira. Para maior comodidade, durante o evento, computadores estar\u00e3o dispon\u00edveis para aqueles que ainda n\u00e3o realizaram o cadastro.<\/p>\n\n\n\n<p><strong>Destaques da 39\u00aa edi\u00e7\u00e3o:<\/strong><\/p>\n\n\n\n<p><strong>Coletivo MUDA<\/strong>: Retornar\u00e1 com sua interven\u00e7\u00e3o art\u00edstica no credenciamento, oferecendo uma experi\u00eancia visual \u00fanica aos visitantes.<\/p>\n\n\n\n<p><strong>Sala VIP<\/strong>: Pela primeira vez, ser\u00e1 assinada pela renomada arquiteta Consuelo Jorge, conhecida por equilibrar a arquitetura contempor\u00e2nea com a minimalista em seus mais de 30 anos de carreira.<\/p>\n\n\n\n<p><strong>Best in Show<\/strong>: Uma curadoria das melhores pe\u00e7as da feira, assinada pela jornalista Regina Galv\u00e3o.<\/p>\n\n\n\n<p><strong>Sala de Imprensa<\/strong>: Ser\u00e1 assinada pela Revista Habitare, proporcionando um espa\u00e7o funcional e sofisticado para a cobertura do evento.<\/p>\n\n\n\n<p>Com 21 anos de hist\u00f3ria, a ABIMAD reafirma sua import\u00e2ncia como plataforma essencial para o setor, sendo um ponto de encontro estrat\u00e9gico para expositores e compradores. A feira, que acontece duas vezes ao ano, \u00e9 a vitrine das principais tend\u00eancias do design brasileiro e internacional, sempre promovendo um ambiente prop\u00edcio para novos neg\u00f3cios.<\/p>\n\n\n\n<p><strong>Servi\u00e7o<\/strong><\/p>\n\n\n\n<p><strong>Feira ABIMAD<\/strong>&nbsp;\u2013 Feira Brasileira de M\u00f3veis e Acess\u00f3rios de Alta Decora\u00e7\u00e3o<\/p>\n\n\n\n<p><strong>Data:&nbsp;<\/strong>04 a 07 de fevereiro de 2024<\/p>\n\n\n\n<p><strong>Local:&nbsp;<\/strong>S\u00e3o Paulo Expo \u2013 Rod. dos Imigrantes, s\/n. Vila \u00c1gua Funda, S\u00e3o Paulo \u2013 SP<\/p>\n\n\n\n<p><strong>Mais Informa\u00e7\u00f5es:&nbsp;<\/strong><a href=\"http:\/\/www.abimad.com.br\/\">www.abimad.com.br<\/a><\/p>\n","protected":false},"excerpt":{"rendered":"<p>A\u00a0ABIMAD, principal feira de m\u00f3veis e acess\u00f3rios de alta decora\u00e7\u00e3o da Am\u00e9rica Latina e \u00fanica do setor focada em neg\u00f3cios, j\u00e1 est\u00e1 se preparando para sua\u00a039\u00aa edi\u00e7\u00e3o. O evento\u00a0ocorrer\u00e1 de 04 a 07 de fevereiro de 2025, no\u00a0S\u00e3o Paulo Expo. Focada na gera\u00e7\u00e3o de neg\u00f3cios no segmento de alta decora\u00e7\u00e3o, a feira reunir\u00e1 os principais [&hellip;]<\/p>\n","protected":false},"author":2,"featured_media":4031,"comment_status":"open","ping_status":"open","sticky":false,"template":"","format":"standard","meta":{"footnotes":""},"categories":[23],"tags":[],"class_list":{"0":"post-4030","1":"post","2":"type-post","3":"status-publish","4":"format-standard","5":"has-post-thumbnail","7":"category-feirasdenegocios"},"_links":{"self":[{"href":"https:\/\/tveventos.tv.br\/index.php?rest_route=\/wp\/v2\/posts\/4030","targetHints":{"allow":["GET"]}}],"collection":[{"href":"https:\/\/tveventos.tv.br\/index.php?rest_route=\/wp\/v2\/posts"}],"about":[{"href":"https:\/\/tveventos.tv.br\/index.php?rest_route=\/wp\/v2\/types\/post"}],"author":[{"embeddable":true,"href":"https:\/\/tveventos.tv.br\/index.php?rest_route=\/wp\/v2\/users\/2"}],"replies":[{"embeddable":true,"href":"https:\/\/tveventos.tv.br\/index.php?rest_route=%2Fwp%2Fv2%2Fcomments&post=4030"}],"version-history":[{"count":1,"href":"https:\/\/tveventos.tv.br\/index.php?rest_route=\/wp\/v2\/posts\/4030\/revisions"}],"predecessor-version":[{"id":4032,"href":"https:\/\/tveventos.tv.br\/index.php?rest_route=\/wp\/v2\/posts\/4030\/revisions\/4032"}],"wp:featuredmedia":[{"embeddable":true,"href":"https:\/\/tveventos.tv.br\/index.php?rest_route=\/wp\/v2\/media\/4031"}],"wp:attachment":[{"href":"https:\/\/tveventos.tv.br\/index.php?rest_route=%2Fwp%2Fv2%2Fmedia&parent=4030"}],"wp:term":[{"taxonomy":"category","embeddable":true,"href":"https:\/\/tveventos.tv.br\/index.php?rest_route=%2Fwp%2Fv2%2Fcategories&post=4030"},{"taxonomy":"post_tag","embeddable":true,"href":"https:\/\/tveventos.tv.br\/index.php?rest_route=%2Fwp%2Fv2%2Ftags&post=4030"}],"curies":[{"name":"wp","href":"https:\/\/api.w.org\/{rel}","templated":true}]}}