{"id":404,"date":"2023-10-20T17:43:45","date_gmt":"2023-10-20T20:43:45","guid":{"rendered":"https:\/\/tveventos.tv.br\/?p=404"},"modified":"2023-10-20T17:43:52","modified_gmt":"2023-10-20T20:43:52","slug":"conecta-abbc-aborda-as-recentes-tendencias-em-inovacao-do-mercado-financeiro","status":"publish","type":"post","link":"https:\/\/tveventos.tv.br\/?p=404","title":{"rendered":"CONECTA ABBC aborda as recentes tend\u00eancias em inova\u00e7\u00e3o do mercado financeiro"},"content":{"rendered":"\n<p>Falta menos de um m\u00eas para o CONECTA ABBC, evento sobre inova\u00e7\u00e3o em neg\u00f3cios para o setor financeiro, organizado pela ABBC \u2013 Associa\u00e7\u00e3o Brasileira de Bancos. Em sua 2\u00aa edi\u00e7\u00e3o, o CONECTA ABBC promete transformar o Teatro CIEE, no dia 9 de novembro, a partir das 14h, em um ambiente de multiexperi\u00eancias, que visa proporcionar conhecimento, oportunidades de networking, fomentar neg\u00f3cios e impulsionar a inova\u00e7\u00e3o. Os pain\u00e9is com debates ao vivo abordar\u00e3o temas de relev\u00e2ncia para o setor financeiro, como a tokeniza\u00e7\u00e3o da economia, taxonomia verde, Drex, ESG, engenharia de dados, bot e intelig\u00eancia artificial. <\/p>\n\n\n\n<p>A presidente da ABBC, S\u00edlvia Scorsato, destaca que o setor financeiro passa por uma r\u00e1pida transforma\u00e7\u00e3o digital, juntamente com um aumento significativo do interesse nas tem\u00e1ticas ESG (<em>Environmental, Social and Governance<\/em>), e enfatiza o prop\u00f3sito da ABBC em disseminar e aprofundar a an\u00e1lise desses temas para o mercado. \u201cAl\u00e9m da evolu\u00e7\u00e3o tecnol\u00f3gica, temos um consumidor \u00e1vido por grandes experi\u00eancias e uma forte agenda de inova\u00e7\u00e3o do Banco Central. Tudo isso desenha um mercado financeiro futuro, com muitas oportunidades e desafios que o evento busca esclarecer\u201d, disse.<\/p>\n\n\n\n<p>O Diretor de Inova\u00e7\u00e3o e Servi\u00e7os da ABBC, Euricion Murari, enfatiza que, dentro desta vis\u00e3o, o evento mostrar\u00e1 a import\u00e2ncia da agenda de inova\u00e7\u00e3o na ABBC, refor\u00e7ar\u00e1 o incentivo ao fortalecimento do ecossistema e promover\u00e1 o olhar estrat\u00e9gico por meio da inova\u00e7\u00e3o, sem esquecer dos desafios presentes. \u201cTeremos debates propositivos, com estudos de caso e tend\u00eancias apresentadas n\u00e3o apenas por especialistas do setor financeiro, mas tamb\u00e9m por profissionais do varejo e do setor de tecnologia. Isso proporcionar\u00e1 uma vis\u00e3o abrangente para os neg\u00f3cios\u201d.<\/p>\n\n\n\n<p><strong>PAIN\u00c9IS&nbsp;<\/strong>&nbsp;<\/p>\n\n\n\n<p>O painel \u201cSustentabilidade e inova\u00e7\u00e3o: vis\u00e3o de aplica\u00e7\u00e3o pr\u00e1tica de solu\u00e7\u00f5es para o mercado financeiro\u201d, que abrir\u00e1 o CONECTA ABBC \u00e0s 14h10, vai discutir temas como a gera\u00e7\u00e3o de valor agregada \u00e0s estrat\u00e9gias ESG e a cria\u00e7\u00e3o de uma taxonomia verde brasileira.<\/p>\n\n\n\n<p>Logo depois, \u00e0s 15h, o painel \u201cTokeniza\u00e7\u00e3o e Drex\u201d abordar\u00e1 os impactos da tokeniza\u00e7\u00e3o de ativos no Brasil e no mundo e as oportunidades e desafios da nova moeda digital brasileira, em fase de testes pelo Banco Central, bem como a experi\u00eancia do Cons\u00f3rcio ABBC no projeto piloto do Drex.<\/p>\n\n\n\n<p>Por fim, o painel \u201cIntelig\u00eancia Artificial, Engenharia de Dados e Bot\u201d ser\u00e1 realizado \u00e0s 16h10, e vai explicar as aplica\u00e7\u00f5es dessas novas tecnologias na \u00e1rea financeira, suas rela\u00e7\u00f5es entre si e mostrar a atual evolu\u00e7\u00e3o das novidades no Brasil e no mundo.<\/p>\n\n\n\n<p><strong>PR\u00caMIO IDEIA<\/strong>&nbsp;<strong>ABBC<\/strong><\/p>\n\n\n\n<p>O CONECTA ABBC 2023 novamente ter\u00e1 em sua programa\u00e7\u00e3o a realiza\u00e7\u00e3o do Pr\u00eamio IDEIA ABBC, que ser\u00e1 todo reformulado. A 6\u00aa edi\u00e7\u00e3o da premia\u00e7\u00e3o vai reconhecer exclusivamente as solu\u00e7\u00f5es de inova\u00e7\u00e3o das institui\u00e7\u00f5es financeiras associadas \u00e0 ABBC (atualmente s\u00e3o 118, entre bancos, fintechs, financeiras, cooperativas de cr\u00e9dito, institui\u00e7\u00f5es de pagamento, entre outras).<\/p>\n\n\n\n<p>Os&nbsp;<em>pitches<\/em>&nbsp;finalistas ser\u00e3o apresentados, a partir das 17h. Um j\u00fari independente, formado por especialistas, escolher\u00e1 os melhores cases finalistas de inova\u00e7\u00e3o aberta ou interna, com aplica\u00e7\u00f5es em processos, produtos, servi\u00e7os, canais, sustentabilidade, envolvimento do cliente e desempenho de produto.<\/p>\n\n\n\n<p><strong>HOMENAGEM: PERSONALIDADE DO ANO EM INOVA\u00c7\u00c3O NO MERCADO FINANCEIRO<\/strong>&nbsp;<\/p>\n\n\n\n<p>Uma das novidades do CONECTA ABBC ser\u00e1 a inclus\u00e3o de uma homenagem \u00e0 Personalidade do Ano em Inova\u00e7\u00e3o no Mercado Financeiro, uma distin\u00e7\u00e3o que resultar\u00e1 de uma criteriosa vota\u00e7\u00e3o realizada pelo Conselho de Administra\u00e7\u00e3o da ABBC. Essa honraria ser\u00e1 concedida ao profissional que se destaca por promover e incentivar a inova\u00e7\u00e3o no setor para a constru\u00e7\u00e3o de um mercado financeiro mais competitivo e eficiente em 2023.<\/p>\n\n\n\n<p><strong>Conecta ABBC 2023<\/strong><\/p>\n\n\n\n<p><strong>Local<\/strong>: Teatro CIEE &#8211; Rua Tabapu\u00e3, 445, Itaim Bibi, S\u00e3o Paulo<\/p>\n\n\n\n<p><strong>Data<\/strong>: 9 de novembro<\/p>\n\n\n\n<p><strong>Hor\u00e1rio:<\/strong>&nbsp;13h &#8211; credenciamento<\/p>\n\n\n\n<p>14h &#8211; in\u00edcio do evento<\/p>\n\n\n\n<p><strong>Credenciamento gratuito e obrigat\u00f3rio:&nbsp;<\/strong><a href=\"https:\/\/s2310.imxsnd02.com\/link.php?code=bDpodHRwcyUzQSUyRiUyRmNvbnRldWRvcy5hYmJjLm9yZy5iciUyRmFiYmMtY29uZWN0YS0yMDIzOjI1NTg0MDkwODQ6cmVkYWNhb3R2ZXZlbnRvc0BnbWFpbC5jb206Y2M1YWQ3OjVk\" target=\"_blank\" rel=\"noreferrer noopener\">Link<\/a>.<\/p>\n","protected":false},"excerpt":{"rendered":"<p>Falta menos de um m\u00eas para o CONECTA ABBC, evento sobre inova\u00e7\u00e3o em neg\u00f3cios para o setor financeiro, organizado pela ABBC \u2013 Associa\u00e7\u00e3o Brasileira de Bancos. Em sua 2\u00aa edi\u00e7\u00e3o, o CONECTA ABBC promete transformar o Teatro CIEE, no dia 9 de novembro, a partir das 14h, em um ambiente de multiexperi\u00eancias, que visa proporcionar [&hellip;]<\/p>\n","protected":false},"author":2,"featured_media":405,"comment_status":"open","ping_status":"open","sticky":false,"template":"","format":"standard","meta":{"footnotes":""},"categories":[1],"tags":[],"class_list":{"0":"post-404","1":"post","2":"type-post","3":"status-publish","4":"format-standard","5":"has-post-thumbnail","7":"category-workshopsepalestras"},"_links":{"self":[{"href":"https:\/\/tveventos.tv.br\/index.php?rest_route=\/wp\/v2\/posts\/404","targetHints":{"allow":["GET"]}}],"collection":[{"href":"https:\/\/tveventos.tv.br\/index.php?rest_route=\/wp\/v2\/posts"}],"about":[{"href":"https:\/\/tveventos.tv.br\/index.php?rest_route=\/wp\/v2\/types\/post"}],"author":[{"embeddable":true,"href":"https:\/\/tveventos.tv.br\/index.php?rest_route=\/wp\/v2\/users\/2"}],"replies":[{"embeddable":true,"href":"https:\/\/tveventos.tv.br\/index.php?rest_route=%2Fwp%2Fv2%2Fcomments&post=404"}],"version-history":[{"count":1,"href":"https:\/\/tveventos.tv.br\/index.php?rest_route=\/wp\/v2\/posts\/404\/revisions"}],"predecessor-version":[{"id":406,"href":"https:\/\/tveventos.tv.br\/index.php?rest_route=\/wp\/v2\/posts\/404\/revisions\/406"}],"wp:featuredmedia":[{"embeddable":true,"href":"https:\/\/tveventos.tv.br\/index.php?rest_route=\/wp\/v2\/media\/405"}],"wp:attachment":[{"href":"https:\/\/tveventos.tv.br\/index.php?rest_route=%2Fwp%2Fv2%2Fmedia&parent=404"}],"wp:term":[{"taxonomy":"category","embeddable":true,"href":"https:\/\/tveventos.tv.br\/index.php?rest_route=%2Fwp%2Fv2%2Fcategories&post=404"},{"taxonomy":"post_tag","embeddable":true,"href":"https:\/\/tveventos.tv.br\/index.php?rest_route=%2Fwp%2Fv2%2Ftags&post=404"}],"curies":[{"name":"wp","href":"https:\/\/api.w.org\/{rel}","templated":true}]}}