{"id":4041,"date":"2024-12-05T17:02:33","date_gmt":"2024-12-05T20:02:33","guid":{"rendered":"https:\/\/tveventos.tv.br\/?p=4041"},"modified":"2024-12-05T17:02:37","modified_gmt":"2024-12-05T20:02:37","slug":"11o-congresso-de-ti-trara-a-inteligencia-artificial-aplicada-para-o-centro-das-discussoes","status":"publish","type":"post","link":"https:\/\/tveventos.tv.br\/?p=4041","title":{"rendered":"11\u00ba Congresso de TI trar\u00e1 a intelig\u00eancia artificial aplicada para o centro das discuss\u00f5es"},"content":{"rendered":"\n<p>Nos \u00faltimos anos, a intelig\u00eancia artificial (IA) emergiu como uma for\u00e7a transformadora, impactando diversos setores e redefinindo a maneira como as empresas operam, oferecem servi\u00e7os e se conectam com seus clientes. Em meio a essa revolu\u00e7\u00e3o tecnol\u00f3gica, o 11\u00ba Congresso de TI se posiciona como um espa\u00e7o fundamental para discutir as aplica\u00e7\u00f5es pr\u00e1ticas da IA e suas implica\u00e7\u00f5es para o futuro da tecnologia e dos neg\u00f3cios.<br><br>Marcado para o dia 10 de dezembro, a partir das 09h, o evento gratuito ocorrer\u00e1 em formato online e ao vivo, reunindo especialistas, l\u00edderes e inovadores do setor de tecnologia. Durante o congresso, organizado pela Witec It Solutions, ser\u00e1 discutido como a IA est\u00e1 sendo utilizada para enfrentar desafios contempor\u00e2neos, criar novas oportunidades e aprimorar a efici\u00eancia operacional das empresas. Os pain\u00e9is abordar\u00e3o temas como automa\u00e7\u00e3o inteligente, gest\u00e3o de TI e an\u00e1lise preditiva de dados, proporcionando uma vis\u00e3o abrangente e atualizada sobre as melhores pr\u00e1ticas e inova\u00e7\u00f5es.<\/p>\n\n\n\n<p><strong>O poder da intelig\u00eancia artificial aplicada<\/strong><\/p>\n\n\n\n<p>A intelig\u00eancia artificial aplicada se destaca por sua capacidade \u00fanica de processar informa\u00e7\u00f5es em alta velocidade, permitindo a identifica\u00e7\u00e3o de padr\u00f5es e tend\u00eancias que muitas vezes escapam \u00e0 an\u00e1lise humana tradicional. Em setores como sa\u00fade, finan\u00e7as e tecnologia da informa\u00e7\u00e3o, a IA j\u00e1 est\u00e1 demonstrando seu potencial: diagn\u00f3sticos automatizados, previs\u00f5es de comportamento de mercado e melhorias significativas no atendimento ao cliente s\u00e3o apenas algumas das suas aplica\u00e7\u00f5es.<\/p>\n\n\n\n<p>No setor de tecnologia da informa\u00e7\u00e3o, por exemplo, a IA \u00e9 fundamental para detectar amea\u00e7as cibern\u00e9ticas em tempo real, desenvolver chatbots que oferecem suporte personalizado e otimizar a gest\u00e3o de dados, possibilitando que empresas respondam rapidamente \u00e0s demandas do mercado.<\/p>\n\n\n\n<p><strong>Novo foco em IA aplicada no Congresso<\/strong><\/p>\n\n\n\n<p>O 11\u00ba Congresso de TI ter\u00e1 como tema central a intelig\u00eancia artificial aplicada, buscando explorar como essa tecnologia pode ser utilizada para enfrentar os desafios atuais e preparar as empresas para o futuro digital. Especialistas renomados compartilhar\u00e3o suas experi\u00eancias, insights e estrat\u00e9gias, criando um ambiente prop\u00edcio para a troca de conhecimento e networking.<\/p>\n\n\n\n<p>Al\u00e9m dos pain\u00e9is, o evento proporcionar\u00e1 momentos de intera\u00e7\u00e3o entre os participantes, permitindo que profissionais e estudantes se conectem, discutam ideias e colaborem em projetos futuros.<\/p>\n\n\n\n<p><strong>Inscri\u00e7\u00f5es abertas e gratuitas<\/strong><\/p>\n\n\n\n<p>As inscri\u00e7\u00f5es para o 11\u00ba Congresso de TI s\u00e3o gratuitas e garantem acesso a todos os pain\u00e9is e palestras. Para aqueles que desejam um certificado de participa\u00e7\u00e3o, a Inscri\u00e7\u00e3o Pro estar\u00e1 dispon\u00edvel, oferecendo benef\u00edcios adicionais. Essa iniciativa representa uma oportunidade valiosa para quem busca se atualizar sobre as tend\u00eancias mais recentes em tecnologia e expandir sua rede de contatos.<\/p>\n\n\n\n<p><strong>Parcerias estrat\u00e9gicas para qualifica\u00e7\u00e3o profissional<\/strong><\/p>\n\n\n\n<p>O Congresso de TI j\u00e1 se consolidou como um evento de refer\u00eancia na comunidade tecnol\u00f3gica do Brasil, tendo contado com a presen\u00e7a de especialistas de renome que compartilharam suas experi\u00eancias e conhecimentos ao longo dos anos. Nomes como Gilberto Sudr\u00e9 e Vera Ruthofer j\u00e1 fizeram parte da programa\u00e7\u00e3o, contribuindo para a constru\u00e7\u00e3o de um evento que \u00e9 sin\u00f4nimo de qualidade e relev\u00e2ncia no setor.<\/p>\n\n\n\n<p>Em um esfor\u00e7o cont\u00ednuo para promover a forma\u00e7\u00e3o de novos talentos, o 11\u00ba Congresso de TI estabeleceu parcerias com faculdades e institui\u00e7\u00f5es de ensino. Essas colabora\u00e7\u00f5es visam proporcionar conte\u00fados de alta qualidade e experi\u00eancias pr\u00e1ticas, preparando os participantes para os desafios do mercado de trabalho.<\/p>\n\n\n\n<p><strong>Comunidade ComTI: networking e crescimento cont\u00ednuo<\/strong><\/p>\n\n\n\n<p>Todos os inscritos ter\u00e3o acesso \u00e0 comunidade exclusiva ComTI, um espa\u00e7o dedicado ao networking, troca de ideias e experi\u00eancias. Os participantes poder\u00e3o interagir com profissionais do setor, acessar materiais ricos sobre tecnologia e inova\u00e7\u00e3o e participar de discuss\u00f5es sobre projetos e tend\u00eancias emergentes.<\/p>\n\n\n\n<p>O 11\u00ba Congresso de TI promete ser um evento enriquecedor, que abordar\u00e1 a intelig\u00eancia artificial aplicada como uma ferramenta vital para o futuro da tecnologia e dos neg\u00f3cios. N\u00e3o perca essa oportunidade de aprender, compartilhar e se conectar com os l\u00edderes do setor. Para mais informa\u00e7\u00f5es e inscri\u00e7\u00f5es, acesse [<a href=\"https:\/\/congressodeti.com.br\/\" target=\"_blank\" rel=\"noreferrer noopener\">https:\/\/congressodeti.com.br<\/a>](<a href=\"https:\/\/congressodeti.com.br\/\" target=\"_blank\" rel=\"noreferrer noopener\">https:\/\/congressodeti.com.br<\/a>).<\/p>\n","protected":false},"excerpt":{"rendered":"<p>Nos \u00faltimos anos, a intelig\u00eancia artificial (IA) emergiu como uma for\u00e7a transformadora, impactando diversos setores e redefinindo a maneira como as empresas operam, oferecem servi\u00e7os e se conectam com seus clientes. Em meio a essa revolu\u00e7\u00e3o tecnol\u00f3gica, o 11\u00ba Congresso de TI se posiciona como um espa\u00e7o fundamental para discutir as aplica\u00e7\u00f5es pr\u00e1ticas da IA [&hellip;]<\/p>\n","protected":false},"author":2,"featured_media":4042,"comment_status":"open","ping_status":"open","sticky":false,"template":"","format":"standard","meta":{"footnotes":""},"categories":[23],"tags":[],"class_list":{"0":"post-4041","1":"post","2":"type-post","3":"status-publish","4":"format-standard","5":"has-post-thumbnail","7":"category-feirasdenegocios"},"_links":{"self":[{"href":"https:\/\/tveventos.tv.br\/index.php?rest_route=\/wp\/v2\/posts\/4041","targetHints":{"allow":["GET"]}}],"collection":[{"href":"https:\/\/tveventos.tv.br\/index.php?rest_route=\/wp\/v2\/posts"}],"about":[{"href":"https:\/\/tveventos.tv.br\/index.php?rest_route=\/wp\/v2\/types\/post"}],"author":[{"embeddable":true,"href":"https:\/\/tveventos.tv.br\/index.php?rest_route=\/wp\/v2\/users\/2"}],"replies":[{"embeddable":true,"href":"https:\/\/tveventos.tv.br\/index.php?rest_route=%2Fwp%2Fv2%2Fcomments&post=4041"}],"version-history":[{"count":1,"href":"https:\/\/tveventos.tv.br\/index.php?rest_route=\/wp\/v2\/posts\/4041\/revisions"}],"predecessor-version":[{"id":4043,"href":"https:\/\/tveventos.tv.br\/index.php?rest_route=\/wp\/v2\/posts\/4041\/revisions\/4043"}],"wp:featuredmedia":[{"embeddable":true,"href":"https:\/\/tveventos.tv.br\/index.php?rest_route=\/wp\/v2\/media\/4042"}],"wp:attachment":[{"href":"https:\/\/tveventos.tv.br\/index.php?rest_route=%2Fwp%2Fv2%2Fmedia&parent=4041"}],"wp:term":[{"taxonomy":"category","embeddable":true,"href":"https:\/\/tveventos.tv.br\/index.php?rest_route=%2Fwp%2Fv2%2Fcategories&post=4041"},{"taxonomy":"post_tag","embeddable":true,"href":"https:\/\/tveventos.tv.br\/index.php?rest_route=%2Fwp%2Fv2%2Ftags&post=4041"}],"curies":[{"name":"wp","href":"https:\/\/api.w.org\/{rel}","templated":true}]}}