{"id":4044,"date":"2024-12-06T16:40:50","date_gmt":"2024-12-06T19:40:50","guid":{"rendered":"https:\/\/tveventos.tv.br\/?p=4044"},"modified":"2024-12-06T16:40:53","modified_gmt":"2024-12-06T19:40:53","slug":"expoartesanias-2024-abertura-do-pavilhao-brasil-e-lancamento-do-programa-brasil-feito-a-mao-marcam-o-inicio-da-participacao-brasileira-no-evento","status":"publish","type":"post","link":"https:\/\/tveventos.tv.br\/?p=4044","title":{"rendered":"Expoartesan\u00edas 2024: abertura do Pavilh\u00e3o Brasil e lan\u00e7amento do programa Brasil feito \u00e0 m\u00e3o marcam o in\u00edcio da participa\u00e7\u00e3o brasileira no evento\u00a0"},"content":{"rendered":"\n<p class=\"has-text-align-center\"><em>Brasil \u00e9 pa\u00eds convidado de honra e leva mais de 240 pe\u00e7as de artesanato para exposi\u00e7\u00e3o e comercializa\u00e7\u00e3o durante uma das maiores feiras do segmento na Am\u00e9rica Latina<\/em>.<\/p>\n\n\n\n<p>A Expoartesan\u00edas 2024 abriu as portas ao p\u00fablico no dia 4 de dezembro, em Bogot\u00e1, na Col\u00f4mbia. A feira \u00e9 um dos maiores eventos da Am\u00e9rica Latina com foco exclusivo no setor de artesanato. Esse ano, a Expoartesan\u00edas recebe o Brasil como pa\u00eds convidado de honra, em um pavilh\u00e3o de&nbsp;285m\u00b2.<\/p>\n\n\n\n<p>A Ag\u00eancia Brasileira de Promo\u00e7\u00e3o de Exporta\u00e7\u00f5es e Investimentos (ApexBrasil) est\u00e1 \u00e0 frente da participa\u00e7\u00e3o brasileira no evento, que conta com mais de 240 pe\u00e7as de mais de 100 artes\u00e3s. Com o apoio do Sebrae Nacional e da Ag\u00eancia de Desenvolvimento Econ\u00f4mico de Pernambuco (ADEPE), cerca de 20 artes\u00e3s est\u00e3o na Col\u00f4mbia para conhecer a Expoartesan\u00edas e prestigiar a exposi\u00e7\u00e3o de suas obras no Pavilh\u00e3o Brasil.<\/p>\n\n\n\n<p>As boas-vindas \u00e0s artes\u00e3s brasileiras foram feitas pela delega\u00e7\u00e3o brasileira \u2013 composta por representantes da ApexBrasil e de organiza\u00e7\u00f5es governamentais e n\u00e3o governamentais \u2013 e pela arquiteta e curadora respons\u00e1vel pela sele\u00e7\u00e3o das pe\u00e7as que est\u00e3o em exposi\u00e7\u00e3o, Roberta Borsoi. \u201cEsse projeto foi fruto de um esfor\u00e7o coletivo num curto espa\u00e7o de tempo. A gente n\u00e3o teve tempo de encomendar pe\u00e7as especiais, eram as pe\u00e7as que as pessoas tinham. Queria ter mais pe\u00e7as, as vezes pe\u00e7as maiores, mas a gente conseguiu fazer um trabalho muito bonito com o que a gente tinha dispon\u00edvel. E hoje voc\u00eas, artes\u00e3s, s\u00e3o as estrelas da casa, voc\u00eas est\u00e3o representando esse Brasilz\u00e3o grande, um pa\u00eds enorme, por meio da for\u00e7a incr\u00edvel do artesanato. A gente est\u00e1 nesse evento desbravando, entendendo a din\u00e2mica do mercado para que a gente possa \u201cinvadir\u201d o mercado internacional com o artesanato brasileiro. E vamos usar essa oportunidade para trocar conhecimentos, temos muito para mostrar\u201d, ressaltou.<\/p>\n\n\n\n<p>Marco Pulcherio, da empresa Marco 500, respons\u00e1vel por levar as pe\u00e7as do Brasil para a Col\u00f4mbia e pela comercializa\u00e7\u00e3o internacional das pe\u00e7as, complementou as boas-vindas dizendo: \u201c\u00c9 \u00f3bvio que a gente quer vender. No entanto, mais do que tudo, o nosso papel aqui \u00e9 mostrar qu\u00e3o lindo \u00e9 o trabalho de cada uma de voc\u00eas, mostrar ao mundo a for\u00e7a do artesanato brasileiro\u201d.<\/p>\n\n\n\n<p>A abertura da Expoartesan\u00edas foi marcada pelo depoimento da artes\u00e3 Estefany Christina Soares de Carvalho, representante da Cooperativa Inbordal, da regi\u00e3o das Lagoas Munda\u00fa e Manguaba, em Alagoas. A cooperativa trabalha com a renda fil\u00e9, t\u00e9cnica de artesanato regional passada de gera\u00e7\u00e3o em gera\u00e7\u00e3o e que hoje movimenta uma comunidade de mais de 30 mulheres e garante o sustento para essas fam\u00edlias. \u201cEu estou aqui representando essas 33 mulheres e todas as mulheres artes\u00e3s do Brasil. Gostaria de pedir aplausos para cada uma dessas mulheres. O artesanato \u00e9 muito dif\u00edcil, a gente trabalha com muito preconceito por ser artes\u00e3. Mas, \u00e9 atrav\u00e9s desse artesanato que n\u00f3s mulheres, brasileiras e n\u00e3o brasileiras, conseguimos coisas incr\u00edveis. Espero que essa seja uma oportunidade do nosso artesanato ser reconhecido mundialmente. Para n\u00f3s \u00e9 uma honra estar aqui, porque jamais imagin\u00e1vamos participar de uma feira t\u00e3o importante a n\u00edvel internacional\u201d.<\/p>\n\n\n\n<p>A abertura contou ainda com as palavras de diferentes autoridades e representantes de institui\u00e7\u00f5es colombianas e brasileiras, al\u00e9m de uma apresenta\u00e7\u00e3o de Carnaval de Barranquilla, tradicional da Col\u00f4mbia, seguida de uma apresenta\u00e7\u00e3o de Carnaval brasileiro.<\/p>\n\n\n\n<p><strong>Pavilh\u00e3o Brasil<\/strong>&nbsp;<\/p>\n\n\n\n<p>A inaugura\u00e7\u00e3o do Pavilh\u00e3o Brasil, por sua vez, foi marcada por falas que destacaram a for\u00e7a do artesanato brasileiro feito por mulheres e a import\u00e2ncia do setor para as fam\u00edlias que o utilizam como principal meio de sustento.<\/p>\n\n\n\n<p>A secret\u00e1ria Nacional de Autonomia Econ\u00f4mica e Pol\u00edtica de Cuidados, Rosane da Silva, destacou a import\u00e2ncia da pol\u00edtica do cuidado e sua correla\u00e7\u00e3o com o fomento do setor do artesanato brasileiro. \u201cO atual governo brasileiro tem uma preocupa\u00e7\u00e3o especial com a pol\u00edtica do cuidado. Estamos nos inspirando muito na experi\u00eancia da Col\u00f4mbia, e, por meio de a\u00e7\u00f5es como essa, que fomentam o setor do artesanato, o governo brasileiro est\u00e1 dizendo publicamente que o tema do cuidado \u00e9 relevante no debate p\u00fablico\u201d, afirmou Rosane da Silva.<\/p>\n\n\n\n<p>A secret\u00e1ria destacou ainda que a sociedade ganha com o trabalho de cuidado que \u00e9 feito quase que exclusivamente por mulheres. \u201cEnt\u00e3o pensar a pol\u00edtica de cuidados tem muito a ver com esse debate. A gente precisa liberar o tempo das mulheres, para que elas possam empreender. N\u00f3s mulheres, hoje, somos a maioria das chefes de fam\u00edlia do nosso pa\u00eds. N\u00e3o estamos mais sendo apoio, ajuda na renda familiar. N\u00f3s somos a renda das nossas fam\u00edlias. Ent\u00e3o, n\u00f3s do Minist\u00e9rio das Mulheres, juntamente com os demais \u00f3rg\u00e3os do governo, estamos construindo nossa estrat\u00e9gia do empreendedorismo feminino, exatamente para reconhecer o papel das mulheres no empreendedorismo no nosso pa\u00eds. E fortalecer o artesanato no nosso pa\u00eds \u00e9 fortalecer as mulheres\u201d, concluiu.<\/p>\n\n\n\n<p>A artes\u00e3 Rodney Ramos, que vive em Rio Branco (AC), compartilhou um pouco de sua experi\u00eancia de vida e como o artesanato tem impacto fundamental na sua jornada. \u201cTransformo as madeiras que antes iriam para o lixo ou seriam queimadas em biojoias e colares de decora\u00e7\u00e3o. J\u00e1 ganhei v\u00e1rios pr\u00eamios, como o selo da Unesco, na Escola de Arte Montevideo, por uma pe\u00e7a que se chama Cores da Mata, que hoje leva o nome da minha marca, Cores da Mata\u201d, relatou, acrescentando que, no come\u00e7o foi dif\u00edcil. \u201cHoje, estou tendo o privil\u00e9gio de contar a minha hist\u00f3ria para todos voc\u00eas. Eu me capacitei muito e hoje minhas pe\u00e7as sa\u00edram num cat\u00e1logo que ganhou um pr\u00eamio. E saem em v\u00e1rios cat\u00e1logos do Sebrae, s\u00e3o divulgadas em v\u00e1rias redes sociais, e eu tenho muitos clientes tamb\u00e9m. Minhas pe\u00e7as chegam no mundo todo\u201d, orgulha-se Rodney Ramos.<\/p>\n\n\n\n<p>O painel de abertura do pavilh\u00e3o brasileiro contou ainda com as falas do Embaixador do Brasil na Col\u00f4mbia, Paulo Estivallet de Mesquita, e do ministro do Minist\u00e9rio do Empreendedorismo, da Microempresa e da Empresa de Pequeno Porte (MEMP), M\u00e1rcio Luiz Fran\u00e7a Gomes.<\/p>\n\n\n\n<p>A diretora de Neg\u00f3cios da ApexBrasil, Ana Repezza, encerrou a abertura destacando a import\u00e2ncia do artesanato brasileiro para as mulheres e para a sociedade brasileira. \u201cO artesanato representa a realidade das mulheres brasileiras, dessas mulheres que cuidam da casa, mas tamb\u00e9m criam pe\u00e7as maravilhosas, que ganham pr\u00eamios no mundo todo. Criam pe\u00e7as que v\u00e3o deixar um pouco de afeto na casa de outras pessoas, no corpo de outras pessoas\u201d, destacou.<\/p>\n\n\n\n<p>Segundo Ana Repezza, o papel do artesanato na economia, na sociedade \u00e9 muito relevante. \u201cFoi por isso que, j\u00e1 no ano passado, t\u00ednhamos essa preocupa\u00e7\u00e3o de criar um programa de artesanato dentro da ApexBrasil. Essa presen\u00e7a na Expoartesan\u00edas \u00e9 fruto dessa vontade de fomentar o setor do artesanato brasileiro. N\u00e3o podemos deixar de mencionar o nosso Programa de Mulheres e Neg\u00f3cios Internacionais. Hoje, nossa participa\u00e7\u00e3o nesse evento \u00e9 exclusivamente feminina porque sabemos que o artesanato brasileiro \u00e9, em sua maioria, feito por mulheres\u201d, lembrou.<\/p>\n\n\n\n<p>\u201cO que a gente est\u00e1 vivendo aqui hoje \u00e9 a realiza\u00e7\u00e3o de um grande sonho, que \u00e9 o de, n\u00e3o s\u00f3 apoiar mais mulheres artes\u00e3s, mas, principalmente, levar essas mulheres a explorar oportunidades em outros mercados. Al\u00e9m das 20 artes\u00e3s que vieram, temos outras 100, que juntas mandaram mais de 240 pe\u00e7as. Essa \u00e9 uma verdadeira exposi\u00e7\u00e3o de arte\u201d, ressaltou Ana Repezza.<\/p>\n\n\n\n<p><strong>Programa Brasil feito \u00e0 m\u00e3o<\/strong>&nbsp;<\/p>\n\n\n\n<p>No dia 5\/12, a programa\u00e7\u00e3o do Pavilh\u00e3o Brasil foi marcada pelo lan\u00e7amento do Programa Brasil feito \u00e0 m\u00e3o, que tem como objetivo criar e consolidar projetos que garantam a jornada completa de artes\u00e3s e artes\u00e3os brasileiros para o exterior, com foco na competitividade exportadora e gera\u00e7\u00e3o de emprego e renda. \u201cN\u00f3s temos um espa\u00e7o muito grande para crescer nesse tema\u201d, destacou Clarissa Furtado, gerente de Competitividade da ApexBrasil.<\/p>\n\n\n\n<p>\u201cA gente sabe que a realidade financeira de quem trabalha com artesanato \u00e9 dif\u00edcil. Cerca de 80% dos artes\u00e3os t\u00eam renda m\u00ednima de at\u00e9 tr\u00eas sal\u00e1rios m\u00ednimos. E a gente acha que a exporta\u00e7\u00e3o \u00e9 um meio de aumentar esses valores, contribuir para mudar essa realidade\u201d, complementou. O Programa visa estimular ainda iniciativas que promovam sustentabilidade, valoriza\u00e7\u00e3o da origem e equidade de g\u00eanero.<\/p>\n\n\n\n<p><strong>Curso EAD<\/strong>&nbsp;\u2013 Como parte do programa, foi lan\u00e7ado ainda o curso EAD &#8220;Brasil Feito \u00e0 M\u00e3o: Como levar seu artesanato ao mundo&#8221;, uma iniciativa da ApexBrasil de capacita\u00e7\u00e3o de artes\u00e3s e artes\u00e3os brasileiros para conquistar mercados internacionais. Gratuito e totalmente online, o curso aborda temas essenciais para transformar o talento artesanal em um neg\u00f3cio global e foi estruturado para atender tanto iniciantes quanto artes\u00e3os experientes. Entre os t\u00f3picos explorados, est\u00e3o a identifica\u00e7\u00e3o do apelo export\u00e1vel dos produtos, os tipos de exporta\u00e7\u00e3o (direta e indireta), os primeiros passos para negociar internacionalmente, requisitos de embalagem e rotulagem, al\u00e9m de ferramentas para pesquisa de mercado. Com uma carga hor\u00e1ria de 20 horas, os participantes t\u00eam a liberdade de concluir o conte\u00fado no seu pr\u00f3prio ritmo, podendo optar por um formato intensivo ou gradual. As inscri\u00e7\u00f5es podem ser feitas a qualquer momento, sem limite de vagas, pelo site do curso&nbsp;<a href=\"https:\/\/externo-apexead.talentlms.com\/catalog\/info\/id:361\" target=\"_blank\" rel=\"noreferrer noopener\"><u>Brasil Feito \u00e0 M\u00e3o<\/u><\/a>. \u202f\u202f<\/p>\n\n\n\n<p><strong>Neg\u00f3cios Internacionais<\/strong>&nbsp;<\/p>\n\n\n\n<p>Com o conceito \u201c<em>Um passeio pelo Brasil e suas regi\u00f5es, tipologias e express\u00f5es, guiado pelas m\u00e3os que cuidam e criam<\/em>\u201d, o estande brasileiro j\u00e1 est\u00e1 fazendo sucesso entre o p\u00fablico da feira. No primeiro dia de evento, foram vendidas mais de 50 pe\u00e7as, cujo valor total ultrapassa R$ 15 mil, o que comprova a qualidade e autenticidade das pe\u00e7as brasileiras.<\/p>\n\n\n\n<p>Saiba mais sobre a participa\u00e7\u00e3o brasileira na Expoartesan\u00edas e sobre as iniciativas e artes\u00e3s no PRESS KIT, dispon\u00edvel neste<a href=\"https:\/\/click.apexbrasil.com.br\/Comunicacao\/press_kit_Expoartesanias_04-12.pdf\" target=\"_blank\" rel=\"noreferrer noopener\"><u>link<\/u><\/a>.\u202f<\/p>\n\n\n\n<p><strong>Realiza\u00e7\u00e3o do&nbsp;<\/strong><strong>Pavilh\u00e3o Brasil<\/strong>&nbsp;<\/p>\n\n\n\n<p>O Pavilh\u00e3o Brasil na Expoartesan\u00edas \u00e9 organizado pela ApexBrasil, em parceria com o Minist\u00e9rio das Mulheres, o Servi\u00e7o Brasileiro de Apoio \u00e0s Micro e Pequenas Empresas (Sebrae Nacional), o Minist\u00e9rio do Empreendedorismo, da Microempresa e da Empresa de Pequeno Porte (MEMP), por meio do Programa do Artesanato Brasileiro (PAB), o Minist\u00e9rio das Rela\u00e7\u00f5es Exteriores (MRE) e o Minist\u00e9rio do Desenvolvimento, Ind\u00fastria, Com\u00e9rcio e Servi\u00e7os (MDIC).&nbsp;&nbsp;<\/p>\n\n\n\n<p>Al\u00e9m disso, conta com o apoio do Minist\u00e9rio da Cultura (MINC), Minist\u00e9rio da Integra\u00e7\u00e3o e do Desenvolvimento Regional (MIDR), Minist\u00e9rio da Igualdade Racial (MIR), Minist\u00e9rio dos Povos Ind\u00edgenas (MPI), Banco do Brasil (BB), Banco Interamericano de Desenvolvimento (BID), Correios, Embrapa, Embratur, Instituto Nacional da Propriedade Industrial (INPI), MRE\/ Embaixada Brasil Col\u00f4mbia, ONU Mulheres, Ag\u00eancia de Desenvolvimento Econ\u00f4mico de Pernambuco (Adepe), CNFCP (Centro Nacional de Folclore e Cultura Popular) e do\u202f Sistema OCB (Organiza\u00e7\u00e3o das Cooperativas Brasileiras).\u202f&nbsp;<\/p>\n","protected":false},"excerpt":{"rendered":"<p>Brasil \u00e9 pa\u00eds convidado de honra e leva mais de 240 pe\u00e7as de artesanato para exposi\u00e7\u00e3o e comercializa\u00e7\u00e3o durante uma das maiores feiras do segmento na Am\u00e9rica Latina. A Expoartesan\u00edas 2024 abriu as portas ao p\u00fablico no dia 4 de dezembro, em Bogot\u00e1, na Col\u00f4mbia. A feira \u00e9 um dos maiores eventos da Am\u00e9rica Latina [&hellip;]<\/p>\n","protected":false},"author":2,"featured_media":4045,"comment_status":"open","ping_status":"open","sticky":false,"template":"","format":"standard","meta":{"footnotes":""},"categories":[23],"tags":[],"class_list":{"0":"post-4044","1":"post","2":"type-post","3":"status-publish","4":"format-standard","5":"has-post-thumbnail","7":"category-feirasdenegocios"},"_links":{"self":[{"href":"https:\/\/tveventos.tv.br\/index.php?rest_route=\/wp\/v2\/posts\/4044","targetHints":{"allow":["GET"]}}],"collection":[{"href":"https:\/\/tveventos.tv.br\/index.php?rest_route=\/wp\/v2\/posts"}],"about":[{"href":"https:\/\/tveventos.tv.br\/index.php?rest_route=\/wp\/v2\/types\/post"}],"author":[{"embeddable":true,"href":"https:\/\/tveventos.tv.br\/index.php?rest_route=\/wp\/v2\/users\/2"}],"replies":[{"embeddable":true,"href":"https:\/\/tveventos.tv.br\/index.php?rest_route=%2Fwp%2Fv2%2Fcomments&post=4044"}],"version-history":[{"count":1,"href":"https:\/\/tveventos.tv.br\/index.php?rest_route=\/wp\/v2\/posts\/4044\/revisions"}],"predecessor-version":[{"id":4046,"href":"https:\/\/tveventos.tv.br\/index.php?rest_route=\/wp\/v2\/posts\/4044\/revisions\/4046"}],"wp:featuredmedia":[{"embeddable":true,"href":"https:\/\/tveventos.tv.br\/index.php?rest_route=\/wp\/v2\/media\/4045"}],"wp:attachment":[{"href":"https:\/\/tveventos.tv.br\/index.php?rest_route=%2Fwp%2Fv2%2Fmedia&parent=4044"}],"wp:term":[{"taxonomy":"category","embeddable":true,"href":"https:\/\/tveventos.tv.br\/index.php?rest_route=%2Fwp%2Fv2%2Fcategories&post=4044"},{"taxonomy":"post_tag","embeddable":true,"href":"https:\/\/tveventos.tv.br\/index.php?rest_route=%2Fwp%2Fv2%2Ftags&post=4044"}],"curies":[{"name":"wp","href":"https:\/\/api.w.org\/{rel}","templated":true}]}}