{"id":4047,"date":"2024-12-06T16:51:28","date_gmt":"2024-12-06T19:51:28","guid":{"rendered":"https:\/\/tveventos.tv.br\/?p=4047"},"modified":"2024-12-06T16:51:31","modified_gmt":"2024-12-06T19:51:31","slug":"expo-revestir-2025-e-lancada-oficialmente-com-detalhes-revelados","status":"publish","type":"post","link":"https:\/\/tveventos.tv.br\/?p=4047","title":{"rendered":"Expo Revestir 2025 \u00e9 lan\u00e7ada oficialmente com detalhes revelados"},"content":{"rendered":"\n<p>Em 2025 a Expo Revestir inaugura uma nova era, com dias e hor\u00e1rios ampliados, buscando maximizar as oportunidades de neg\u00f3cios e conex\u00f5es que o evento oferece.<\/p>\n\n\n\n<p>A 23\u00aa edi\u00e7\u00e3o ser\u00e1 realizada de 10 a 14 de mar\u00e7o de 2025, iniciando-se \u00e0s 9h, no S\u00e3o Paulo Expo, em S\u00e3o Paulo. Com novo formato de visita\u00e7\u00e3o, fica definido que:<\/p>\n\n\n\n<p>\u2013 Os dias 10 e 11 de mar\u00e7o (segunda e ter\u00e7a-feira) ser\u00e3o destinados aos convidados da promotora da feira, voltados ao p\u00fablico de neg\u00f3cios.<\/p>\n\n\n\n<p>\u2013 Os dias 12, 13 e 14 de mar\u00e7o (quarta, quinta e sexta-feira) ser\u00e3o abertos ao p\u00fablico profissional, com credenciamento no site oficial do evento.<\/p>\n\n\n\n<p>Estar\u00e3o reunidas em 6 pavilh\u00f5es (65 mil m\u00b2) mais de 300 marcas expositoras, entre os maiores players nacionais e internacionais dos segmentos de:<\/p>\n\n\n\n<p>\u2013 Cer\u00e2micas, lou\u00e7as sanit\u00e1rias, metais, rochas ornamentais, mosaicos, madeiras, laminados, ciment\u00edcios, v\u00edtreos, maquin\u00e1rio, acess\u00f3rios e outros revestimentos. &nbsp;<\/p>\n\n\n\n<p>\u201cA Expo Revestir tem uma trajet\u00f3ria consolidada e o compromisso constante de evoluir\u201d, destaca Maur\u00edcio Borges, presidente executivo da Expo Revestir e Anfacer.<\/p>\n\n\n\n<p>\u201cEstabelecemos novos padr\u00f5es para a ind\u00fastria, trazendo conceitos inovadores que ir\u00e3o impulsionar neg\u00f3cios e criar um legado duradouro para a constru\u00e7\u00e3o civil. Inovar faz parte da hist\u00f3ria da Expo Revestir\u201d, completa.<\/p>\n\n\n\n<p>Andr\u00e9 Soares, CFO da Expo Revestir e Anfacer, relembra que a feira \u00e9 uma plataforma reconhecida no fomento de neg\u00f3cios.<\/p>\n\n\n\n<p>\u201cO evento cresceu com o setor e, a cada nova edi\u00e7\u00e3o, prop\u00f5e iniciativas que estimulam e criam conex\u00f5es valiosas para toda a cadeia\u201d, completa.&nbsp;<\/p>\n\n\n\n<p><strong>MAIS EXPERI\u00caNCIAS E CONTE\u00daDOS<\/strong><\/p>\n\n\n\n<p>A Expo Revestir 2025 tamb\u00e9m chega renovada na parte de experi\u00eancias e conte\u00fados. Sob a bandeira do FIER+ a feira trar\u00e1 uma programa\u00e7\u00e3o din\u00e2mica de talks inspiradores e debates.<\/p>\n\n\n\n<p>Eles ser\u00e3o conduzidos por parceiros e curadores, tornando as intera\u00e7\u00f5es mais imersivas e alinhadas com as tend\u00eancias do setor. &nbsp;<\/p>\n\n\n\n<p>A feira tamb\u00e9m ser\u00e1 palco de reconhecidos pr\u00eamios de arquitetura e constru\u00e7\u00e3o. Completando 10 anos, o Pr\u00eamio Best In Show destacar\u00e1 os mais inovadores lan\u00e7amentos da feira em 15 categorias distintas.<\/p>\n\n\n\n<p>Os vencedores ser\u00e3o divulgados no dia 12 de mar\u00e7o de 2025. J\u00e1 o Pr\u00eamio Destaque Expo Revestir \u2013 Revista Anamaco, acontece no dia 10 de mar\u00e7o, homenageando as principais revendas do pa\u00eds.&nbsp;<\/p>\n\n\n\n<p>Outro destaque ser\u00e1 a Oficina Central do Assentador Cer\u00e2mico, que pelo segundo ano, trar\u00e1 programa\u00e7\u00e3o pr\u00e1tica e te\u00f3rica sobre a excel\u00eancia no processo de assentamento. &nbsp;<\/p>\n\n\n\n<p>Terceiro maior evento do mundo para o segmento, a feira realizar\u00e1 o Projeto Comprador e Imagem, com o objetivo de trazer compradores e jornalistas internacionais ao evento. &nbsp;<\/p>\n\n\n\n<p><strong>SERVI\u00c7O:<\/strong><\/p>\n\n\n\n<p>Data: 10 a 14 mar\u00e7o 2025<\/p>\n\n\n\n<p>Convidados: 10 e 11 de mar\u00e7o das 9h \u00e0s 19h<\/p>\n\n\n\n<p>P\u00fablico profissional: 12, 13 e 14 de mar\u00e7o sendo quarta e quinta-feira das 9h \u00e0s 19h \/ Sexta-feira das 9h \u00e0s 17h<\/p>\n\n\n\n<p>Local: S\u00e3o Paulo Expo<\/p>\n\n\n\n<p>Endere\u00e7o: KM 1,5 Rodovia dos Imigrantes \u2013 Vila \u00c1gua Funda, S\u00e3o Paulo, SP \u2013 04329-900<\/p>\n\n\n\n<p>Site:&nbsp;<a href=\"http:\/\/www.exporevestir.com.br\/\" target=\"_blank\" rel=\"noreferrer noopener\">www.exporevestir.com.br<\/a><\/p>\n","protected":false},"excerpt":{"rendered":"<p>Em 2025 a Expo Revestir inaugura uma nova era, com dias e hor\u00e1rios ampliados, buscando maximizar as oportunidades de neg\u00f3cios e conex\u00f5es que o evento oferece. A 23\u00aa edi\u00e7\u00e3o ser\u00e1 realizada de 10 a 14 de mar\u00e7o de 2025, iniciando-se \u00e0s 9h, no S\u00e3o Paulo Expo, em S\u00e3o Paulo. Com novo formato de visita\u00e7\u00e3o, fica [&hellip;]<\/p>\n","protected":false},"author":2,"featured_media":4049,"comment_status":"open","ping_status":"open","sticky":false,"template":"","format":"standard","meta":{"footnotes":""},"categories":[23],"tags":[],"class_list":{"0":"post-4047","1":"post","2":"type-post","3":"status-publish","4":"format-standard","5":"has-post-thumbnail","7":"category-feirasdenegocios"},"_links":{"self":[{"href":"https:\/\/tveventos.tv.br\/index.php?rest_route=\/wp\/v2\/posts\/4047","targetHints":{"allow":["GET"]}}],"collection":[{"href":"https:\/\/tveventos.tv.br\/index.php?rest_route=\/wp\/v2\/posts"}],"about":[{"href":"https:\/\/tveventos.tv.br\/index.php?rest_route=\/wp\/v2\/types\/post"}],"author":[{"embeddable":true,"href":"https:\/\/tveventos.tv.br\/index.php?rest_route=\/wp\/v2\/users\/2"}],"replies":[{"embeddable":true,"href":"https:\/\/tveventos.tv.br\/index.php?rest_route=%2Fwp%2Fv2%2Fcomments&post=4047"}],"version-history":[{"count":1,"href":"https:\/\/tveventos.tv.br\/index.php?rest_route=\/wp\/v2\/posts\/4047\/revisions"}],"predecessor-version":[{"id":4050,"href":"https:\/\/tveventos.tv.br\/index.php?rest_route=\/wp\/v2\/posts\/4047\/revisions\/4050"}],"wp:featuredmedia":[{"embeddable":true,"href":"https:\/\/tveventos.tv.br\/index.php?rest_route=\/wp\/v2\/media\/4049"}],"wp:attachment":[{"href":"https:\/\/tveventos.tv.br\/index.php?rest_route=%2Fwp%2Fv2%2Fmedia&parent=4047"}],"wp:term":[{"taxonomy":"category","embeddable":true,"href":"https:\/\/tveventos.tv.br\/index.php?rest_route=%2Fwp%2Fv2%2Fcategories&post=4047"},{"taxonomy":"post_tag","embeddable":true,"href":"https:\/\/tveventos.tv.br\/index.php?rest_route=%2Fwp%2Fv2%2Ftags&post=4047"}],"curies":[{"name":"wp","href":"https:\/\/api.w.org\/{rel}","templated":true}]}}