{"id":4052,"date":"2024-12-10T10:14:55","date_gmt":"2024-12-10T13:14:55","guid":{"rendered":"https:\/\/tveventos.tv.br\/?p=4052"},"modified":"2024-12-10T10:15:03","modified_gmt":"2024-12-10T13:15:03","slug":"inscricoes-estao-abertas-para-a-participacao-na-seafood-expo-global-2025","status":"publish","type":"post","link":"https:\/\/tveventos.tv.br\/?p=4052","title":{"rendered":"Inscri\u00e7\u00f5es est\u00e3o abertas para a participa\u00e7\u00e3o na Seafood Expo Global 2025"},"content":{"rendered":"\n<p>Empresas brasileiras do setor de pescados, preparem-se para uma oportunidade \u00fanica de expandir seus neg\u00f3cios e conectar-se com os principais players globais do setor.<\/p>\n\n\n\n<p>Est\u00e3o abertas as inscri\u00e7\u00f5es para participar da Seafood Expo Global 2025, que acontecer\u00e1 entre os dias 6 e 8 de maio, em Barcelona, Espanha.<\/p>\n\n\n\n<p>Este \u00e9 o maior evento internacional do setor e re\u00fane toda a cadeia produtiva, promovendo networking estrat\u00e9gico e gera\u00e7\u00e3o de neg\u00f3cios.<\/p>\n\n\n\n<p>A feira \u00e9 reconhecida por atrair milhares de compradores internacionais de regi\u00f5es como Am\u00e9ricas, \u00c1sia, Oriente M\u00e9dio e Europa do setor de pescados, onde empresas da ind\u00fastria alimentar exibem seus produtos, servi\u00e7os e tecnologias.<\/p>\n\n\n\n<p>Em sua \u00faltima edi\u00e7\u00e3o, o evento contou com a participa\u00e7\u00e3o de&nbsp;2.244 expositores e 35 mil visitantes de 87 pa\u00edses, destacando uma ampla gama de produtos e servi\u00e7os:<\/p>\n\n\n\n<p>\u2013 Pescados frescos e congelados, itens processados, produtos com valor agregado, solu\u00e7\u00f5es log\u00edsticas, equipamentos de processamento e embalagens.<\/p>\n\n\n\n<p><strong>Oportunidade para empresas brasileiras:<\/strong><\/p>\n\n\n\n<p>A ApexBrasil, em parceria com a ABIPESCA e MPA, selecionar\u00e1 10 empresas brasileiras exportadoras, de todas as maturidades exportadoras, para integrarem o Pavilh\u00e3o Brasil. As empresas selecionadas ter\u00e3o direito a:<\/p>\n\n\n\n<ul class=\"wp-block-list\">\n<li>Estandes b\u00e1sicos\u00a0\u00a0<\/li>\n\n\n\n<li>Inclus\u00e3o no cat\u00e1logo de expositores da feira;<\/li>\n\n\n\n<li>Material promocional personalizado;<\/li>\n\n\n\n<li>Credenciais de expositor;<\/li>\n\n\n\n<li>Espa\u00e7os de networking.<\/li>\n<\/ul>\n\n\n\n<p><strong>Como participar:<\/strong><\/p>\n\n\n\n<ol start=\"1\" class=\"wp-block-list\">\n<li>Acesse o regulamento e preencha o formul\u00e1rio de inscri\u00e7\u00e3o dispon\u00edvel no site da ApexBrasil.<\/li>\n\n\n\n<li>As inscri\u00e7\u00f5es v\u00e3o at\u00e9 o dia 30 de janeiro de 2025.<\/li>\n\n\n\n<li>As empresas ser\u00e3o avaliadas com base em crit\u00e9rios de exporta\u00e7\u00e3o, lideran\u00e7a feminina, certifica\u00e7\u00f5es internacionais e uso de materiais sustent\u00e1veis, entre outros.<\/li>\n<\/ol>\n\n\n\n<p><strong>SERVI\u00c7O:<\/strong><\/p>\n\n\n\n<p>Data do evento: 6 a 8 de maio de 2025<\/p>\n\n\n\n<p>Local: Fira Barcelona Gran Via Venue<\/p>\n\n\n\n<p>Regulamento: <em>clique\u00a0<a href=\"https:\/\/click.apexbrasil.com.br\/Comunicacao\/Agro\/Regulamento_Seafood_Barcelona_2025.pdf\" target=\"_blank\" rel=\"noreferrer noopener\">aqui<\/a><\/em>\u00a0<\/p>\n\n\n\n<p>Prazo de inscri\u00e7\u00f5es: at\u00e9 30 de janeiro de 2025<\/p>\n\n\n\n<p>Inscri\u00e7\u00f5es: <em>clique\u00a0<a href=\"https:\/\/crm-apps.apexbrasil.com.br\/orgbdeab873\/inscricao-eventos\/evento\/seafood-barcelona-2025\/74a42873-4378-4401-9993-af451b7467d8?utm_source=Comunicacao\" target=\"_blank\" rel=\"noreferrer noopener\">aqu<\/a><\/em><a href=\"https:\/\/crm-apps.apexbrasil.com.br\/orgbdeab873\/inscricao-eventos\/evento\/seafood-barcelona-2025\/74a42873-4378-4401-9993-af451b7467d8?utm_source=Comunicacao\" target=\"_blank\" rel=\"noreferrer noopener\">i<\/a>\u00a0<\/p>\n","protected":false},"excerpt":{"rendered":"<p>Empresas brasileiras do setor de pescados, preparem-se para uma oportunidade \u00fanica de expandir seus neg\u00f3cios e conectar-se com os principais players globais do setor. Est\u00e3o abertas as inscri\u00e7\u00f5es para participar da Seafood Expo Global 2025, que acontecer\u00e1 entre os dias 6 e 8 de maio, em Barcelona, Espanha. Este \u00e9 o maior evento internacional do [&hellip;]<\/p>\n","protected":false},"author":2,"featured_media":4053,"comment_status":"open","ping_status":"open","sticky":false,"template":"","format":"standard","meta":{"footnotes":""},"categories":[23],"tags":[],"class_list":{"0":"post-4052","1":"post","2":"type-post","3":"status-publish","4":"format-standard","5":"has-post-thumbnail","7":"category-feirasdenegocios"},"_links":{"self":[{"href":"https:\/\/tveventos.tv.br\/index.php?rest_route=\/wp\/v2\/posts\/4052","targetHints":{"allow":["GET"]}}],"collection":[{"href":"https:\/\/tveventos.tv.br\/index.php?rest_route=\/wp\/v2\/posts"}],"about":[{"href":"https:\/\/tveventos.tv.br\/index.php?rest_route=\/wp\/v2\/types\/post"}],"author":[{"embeddable":true,"href":"https:\/\/tveventos.tv.br\/index.php?rest_route=\/wp\/v2\/users\/2"}],"replies":[{"embeddable":true,"href":"https:\/\/tveventos.tv.br\/index.php?rest_route=%2Fwp%2Fv2%2Fcomments&post=4052"}],"version-history":[{"count":1,"href":"https:\/\/tveventos.tv.br\/index.php?rest_route=\/wp\/v2\/posts\/4052\/revisions"}],"predecessor-version":[{"id":4054,"href":"https:\/\/tveventos.tv.br\/index.php?rest_route=\/wp\/v2\/posts\/4052\/revisions\/4054"}],"wp:featuredmedia":[{"embeddable":true,"href":"https:\/\/tveventos.tv.br\/index.php?rest_route=\/wp\/v2\/media\/4053"}],"wp:attachment":[{"href":"https:\/\/tveventos.tv.br\/index.php?rest_route=%2Fwp%2Fv2%2Fmedia&parent=4052"}],"wp:term":[{"taxonomy":"category","embeddable":true,"href":"https:\/\/tveventos.tv.br\/index.php?rest_route=%2Fwp%2Fv2%2Fcategories&post=4052"},{"taxonomy":"post_tag","embeddable":true,"href":"https:\/\/tveventos.tv.br\/index.php?rest_route=%2Fwp%2Fv2%2Ftags&post=4052"}],"curies":[{"name":"wp","href":"https:\/\/api.w.org\/{rel}","templated":true}]}}