{"id":4055,"date":"2024-12-10T10:18:55","date_gmt":"2024-12-10T13:18:55","guid":{"rendered":"https:\/\/tveventos.tv.br\/?p=4055"},"modified":"2024-12-10T10:18:59","modified_gmt":"2024-12-10T13:18:59","slug":"abradilan-conexao-farma-2025-esta-com-inscricoes-abertas","status":"publish","type":"post","link":"https:\/\/tveventos.tv.br\/?p=4055","title":{"rendered":"Abradilan Conex\u00e3o Farma 2025 est\u00e1 com inscri\u00e7\u00f5es abertas"},"content":{"rendered":"\n<p>A Associa\u00e7\u00e3o Brasileira de Distribui\u00e7\u00e3o e Log\u00edstica de Produtos Farmac\u00eauticos (Abradilan) promover\u00e1 nos dias 18, 19 e 20 de mar\u00e7o de 2025, o Conex\u00e3o Farma, evento que chega em sua 19\u00aa edi\u00e7\u00e3o.&nbsp;<\/p>\n\n\n\n<p>O Conex\u00e3o Farma 2025 acontecer\u00e1 em um espa\u00e7o de 34 mil m<sup>2&nbsp;<\/sup>de \u00e1rea \u00fatil (pavilh\u00f5es verde e branco), no Expo Center Norte, em S\u00e3o Paulo (SP), um dos maiores centros de exposi\u00e7\u00e3o do Brasil.<\/p>\n\n\n\n<p>&nbsp;A expectativa \u00e9 de receber 27 mil visitantes nos tr\u00eas dias de evento. A feira \u00e9 uma das maiores do segmento e contar\u00e1 com mais de 170 expositores, entre eles:<\/p>\n\n\n\n<p>\u2013 As maiores ind\u00fastrias farmac\u00eauticas, al\u00e9m de diversas empresas de servi\u00e7os,\u00a0<em>software houses<\/em>, contabilidade, consultorias, treinamento, mobili\u00e1rio, aparelhos e Higiene e Beleza (H&amp;B).<\/p>\n\n\n\n<p>\u201cA localiza\u00e7\u00e3o do evento \u00e9 muito importante e n\u00f3s pensamos nisso com muito cuidado, pois ela faz com que mais gente possa vir nos visitar\u201d, diz o presidente da Abradilan, Juliano Cunha Vinhal.<\/p>\n\n\n\n<p>O Expo Center Norte est\u00e1 localizado pr\u00f3ximo da Marginal Tiet\u00ea, o que facilita o acesso aos aeroportos de Congonhas e Guarulhos e est\u00e1 ao lado do Terminal Rodovi\u00e1rio Tiet\u00ea.<\/p>\n\n\n\n<p>\u201cTem muitos hot\u00e9is na regi\u00e3o, al\u00e9m de um shopping completo. &nbsp;Ampliamos a \u00e1rea \u00fatil para proporcionar cada vez mais conforto aos visitantes e, tamb\u00e9m, para que mais expositores tenham a oportunidade de estar neste evento t\u00e3o marcante\u201d, aponta Juliano.<\/p>\n\n\n\n<p>\u201cImportante dizer que o Conex\u00e3o Farma \u00e9 gratuito, acontece durante tr\u00eas dias, em um amplo hor\u00e1rio. Se organize para estar conosco, incentive suas equipes\u201d, completa&nbsp;<\/p>\n\n\n\n<p>A quantidade de palestras tamb\u00e9m merece um destaque especial, ser\u00e3o mais de 45 horas de conte\u00fado in\u00e9dito e exclusivo, privilegiando as principais demandas do varejo farmac\u00eautico brasileiro. &nbsp;<\/p>\n\n\n\n<p>Al\u00e9m da grande plen\u00e1ria, as palestras acontecer\u00e3o em quatro arenas: Varejo em Foco, Gest\u00e3o 360\u00ba, Farma Trend e Conecta Farma.&nbsp;<\/p>\n\n\n\n<p>A feira acontecer\u00e1 das 14h00 \u00e0s 21h00 nos dias 18 e 19 e das 14h00 \u00e0s 20h00 no dia 20, no Expo Center Norte, na capital paulista.<\/p>\n\n\n\n<p><strong>SERVI\u00c7O:<\/strong><\/p>\n\n\n\n<p>Data: 18 a 20 de mar\u00e7o de 2025<\/p>\n\n\n\n<p>Inscri\u00e7\u00f5es:&nbsp;<a href=\"https:\/\/www.abradilan.com.br\/conexao-farma-25\/\" target=\"_blank\" rel=\"noreferrer noopener\">aqui<\/a><\/p>\n\n\n\n<p>Hor\u00e1rio: 14h \u00e0s 21h<\/p>\n\n\n\n<p>Local: Expo Center Norte<\/p>\n\n\n\n<p>Endere\u00e7o: Rua Jos\u00e9 Bernardo Pinto, 333, Vila Guilherme, S\u00e3o Paulo (SP)<\/p>\n","protected":false},"excerpt":{"rendered":"<p>A Associa\u00e7\u00e3o Brasileira de Distribui\u00e7\u00e3o e Log\u00edstica de Produtos Farmac\u00eauticos (Abradilan) promover\u00e1 nos dias 18, 19 e 20 de mar\u00e7o de 2025, o Conex\u00e3o Farma, evento que chega em sua 19\u00aa edi\u00e7\u00e3o.&nbsp; O Conex\u00e3o Farma 2025 acontecer\u00e1 em um espa\u00e7o de 34 mil m2&nbsp;de \u00e1rea \u00fatil (pavilh\u00f5es verde e branco), no Expo Center Norte, em [&hellip;]<\/p>\n","protected":false},"author":2,"featured_media":4056,"comment_status":"open","ping_status":"open","sticky":false,"template":"","format":"standard","meta":{"footnotes":""},"categories":[23],"tags":[],"class_list":{"0":"post-4055","1":"post","2":"type-post","3":"status-publish","4":"format-standard","5":"has-post-thumbnail","7":"category-feirasdenegocios"},"_links":{"self":[{"href":"https:\/\/tveventos.tv.br\/index.php?rest_route=\/wp\/v2\/posts\/4055","targetHints":{"allow":["GET"]}}],"collection":[{"href":"https:\/\/tveventos.tv.br\/index.php?rest_route=\/wp\/v2\/posts"}],"about":[{"href":"https:\/\/tveventos.tv.br\/index.php?rest_route=\/wp\/v2\/types\/post"}],"author":[{"embeddable":true,"href":"https:\/\/tveventos.tv.br\/index.php?rest_route=\/wp\/v2\/users\/2"}],"replies":[{"embeddable":true,"href":"https:\/\/tveventos.tv.br\/index.php?rest_route=%2Fwp%2Fv2%2Fcomments&post=4055"}],"version-history":[{"count":1,"href":"https:\/\/tveventos.tv.br\/index.php?rest_route=\/wp\/v2\/posts\/4055\/revisions"}],"predecessor-version":[{"id":4057,"href":"https:\/\/tveventos.tv.br\/index.php?rest_route=\/wp\/v2\/posts\/4055\/revisions\/4057"}],"wp:featuredmedia":[{"embeddable":true,"href":"https:\/\/tveventos.tv.br\/index.php?rest_route=\/wp\/v2\/media\/4056"}],"wp:attachment":[{"href":"https:\/\/tveventos.tv.br\/index.php?rest_route=%2Fwp%2Fv2%2Fmedia&parent=4055"}],"wp:term":[{"taxonomy":"category","embeddable":true,"href":"https:\/\/tveventos.tv.br\/index.php?rest_route=%2Fwp%2Fv2%2Fcategories&post=4055"},{"taxonomy":"post_tag","embeddable":true,"href":"https:\/\/tveventos.tv.br\/index.php?rest_route=%2Fwp%2Fv2%2Ftags&post=4055"}],"curies":[{"name":"wp","href":"https:\/\/api.w.org\/{rel}","templated":true}]}}