{"id":4058,"date":"2024-12-10T11:10:28","date_gmt":"2024-12-10T14:10:28","guid":{"rendered":"https:\/\/tveventos.tv.br\/?p=4058"},"modified":"2024-12-10T11:10:32","modified_gmt":"2024-12-10T14:10:32","slug":"absolar-reune-empresarios-e-especialistas-para-debater-perspectivas-da-fonte-solar-na-transicao-energetica-e-projecoes-para-o-mercado-brasileiro-em-2025","status":"publish","type":"post","link":"https:\/\/tveventos.tv.br\/?p=4058","title":{"rendered":"ABSOLAR re\u00fane empres\u00e1rios e especialistas para debater perspectivas da fonte solar na transi\u00e7\u00e3o energ\u00e9tica e proje\u00e7\u00f5es para o mercado brasileiro em 2025"},"content":{"rendered":"\n<p class=\"has-text-align-center\">Com abertura do jornalista e analista pol\u00edtico da CNN Brasil Iuri Pitta, encontro analisa novas oportunidades de neg\u00f3cios para as empresas no Pa\u00eds<\/p>\n\n\n\n<p>O Encontro Nacional ABSOLAR vai reunir, nos dias 11 e 12 de dezembro, no Centro de Conven\u00e7\u00f5es Rebou\u00e7as, na cidade de S\u00e3o Paulo, empres\u00e1rios, consultores, especialistas e agentes p\u00fablicos ligados ao setor el\u00e9trico para debater o futuro e o papel da energia solar no processo de transi\u00e7\u00e3o energ\u00e9tica e na geopol\u00edtica econ\u00f4mica, social e ambiental, al\u00e9m de anunciar as proje\u00e7\u00f5es do mercado fotovoltaico para o pr\u00f3ximo ano no Pa\u00eds.<\/p>\n\n\n\n<p>A abertura ser\u00e1 feita pelo jornalista e \u00e2ncora da CNN Brasil Iuri Pitta, que \u00e9 analista pol\u00edtico e especialista em rela\u00e7\u00f5es governamentais. A palestra magna tratar\u00e1 das mudan\u00e7as no cen\u00e1rio geopol\u00edtico internacional, as elei\u00e7\u00f5es nos Estados Unidos e as rela\u00e7\u00f5es comerciais com a China e os demais pa\u00edses asi\u00e1ticos. Com o tema &#8220;O futuro j\u00e1 \u00e9 solar: invista em energia limpa e seja parte dessa transforma\u00e7\u00e3o&#8221;, o encontro discutir\u00e1 novas oportunidades de neg\u00f3cios para empresas no Brasil, refor\u00e7ando a import\u00e2ncia da energia solar no cen\u00e1rio econ\u00f4mico e ambiental.<\/p>\n\n\n\n<p>Al\u00e9m de Pitta, outros destaques na abertura s\u00e3o Ronaldo Koloszuk, Presidente do Conselho de Administra\u00e7\u00e3o da ABSOLAR, e Rodrigo Sauaia, CEO da ABSOLAR, que trar\u00e3o o atual cen\u00e1rio da energia solar no Pa\u00eds, a posi\u00e7\u00e3o brasileira da fonte solar fotovoltaica no mundo e os desafios no ambiente legal e regulat\u00f3rio.<\/p>\n\n\n\n<p>Na ocasi\u00e3o, a ABSOLAR far\u00e1 a assinatura oficial do acordo de coopera\u00e7\u00e3o com o Sebrae RN, que prev\u00ea iniciativas de apoio ao uso da energia solar por pequenas e medias empresas (PMEs) no Brasil. A proposta \u00e9 criar um ambiente de trocas e intera\u00e7\u00f5es para fomentar a inova\u00e7\u00e3o e a competitividade do ecossistema de energias renov\u00e1veis, sobretudo a fonte solar fotovoltaica e tecnologias sin\u00e9rgicas (tais como usinas h\u00edbridas, armazenamento de energia el\u00e9trica, produ\u00e7\u00e3o e armazenamento de hidrog\u00eanio, microrredes, minirredes, digitaliza\u00e7\u00e3o, entre outras) para o p\u00fablico de PMEs.<\/p>\n\n\n\n<p>O evento, que conta com a plataforma Meu Financiamento Solar como anfitri\u00e3, deve reunir mais de 900 participantes nos dois dias, al\u00e9m de dezenas de expositores que apresentar\u00e3o tend\u00eancias, cases de sucesso e novas solu\u00e7\u00f5es para o setor fotovoltaico.<\/p>\n\n\n\n<p>Ser\u00e3o montados tr\u00eas palcos simult\u00e2neos, divididos em debates e palestras sobre vis\u00e3o estrat\u00e9gica das lideran\u00e7as, aspectos operacionais e regulat\u00f3rios e transi\u00e7\u00e3o energ\u00e9tica a partir da fonte solar no Brasil e no mundo. Tamb\u00e9m haver\u00e1 um espa\u00e7o para apresenta\u00e7\u00f5es comerciais e rodadas de neg\u00f3cios entre fabricantes, distribuidores, especistas, geradores, financeiras, seguradoras, prestadores de servi\u00e7os e integradores.<\/p>\n\n\n\n<p>Na ocasi\u00e3o, participar\u00e3o representantes de empresas nacionais e internacionais, incluindo players que atuam nos segmentos de gera\u00e7\u00e3o centralizada, gera\u00e7\u00e3o distribu\u00edda e de novas tecnologias, como hidrog\u00eanio verde e armazenamento.<\/p>\n\n\n\n<p>A grade de conte\u00fado do evento contar\u00e1 com dezenas de palestrantes especialistas em diversos temas: pol\u00edticas p\u00fablicas para a transi\u00e7\u00e3o energ\u00e9tica, modelos de neg\u00f3cios para grandes usinas, capacita\u00e7\u00e3o e certifica\u00e7\u00e3o de empresas do setor, fornecimento competitivo de equipamentos ao mercado, modelos de financiamento de projetos e versatilidade das aplica\u00e7\u00f5es fotovoltaicas, entre outras.<\/p>\n\n\n\n<p>A proposta do Encontro Nacional ABSOLAR, que conta ainda com o apoio da Brametal, Canadian Solar, Caixa Econ\u00f4mica Federal, Get Power &#8211; Power Safe, Grupo Energia, Huawei, Solis, Tokio Marine Seguradora, TW Solar, Valmont e WEG, \u00e9 ampliar o relacionamento entre fornecedores, fabricantes e clientes que comp\u00f5em a cadeia produtiva da energia solar no Pa\u00eds.<\/p>\n\n\n\n<p>Inscri\u00e7\u00f5es e mais informa\u00e7\u00f5es podem ser obtidas no link: https:\/\/encontronacionalabsolar.org.br\/.<\/p>\n\n\n\n<p>Inscri\u00e7\u00f5es de jornalistas: tnassa@gmail.com ou no whatsapp 11 99544-4954<\/p>\n\n\n\n<p>Servi\u00e7o<\/p>\n\n\n\n<p><strong>Encontro Nacional ABSOLAR<\/strong><\/p>\n\n\n\n<p>Data: 11 e 12 de dezembro de 2024<br>Hor\u00e1rio: das 8h \u00e0s 18h<br>Local: Centro de conven\u00e7\u00f5es Rebou\u00e7as (S\u00e3o Paulo \u2013 SP)<br>Av. Rebou\u00e7as, 600 &#8211; Pinheiros, S\u00e3o Paulo &#8211; SP, 05402-000<\/p>\n\n\n\n<p><strong>Sobre a ABSOLAR<\/strong><\/p>\n\n\n\n<p>Fundada em 2013, a Associa\u00e7\u00e3o Brasileira de Energia Solar Fotovoltaica (ABSOLAR) \u00e9 a entidade do Brasil que re\u00fane todos os elos da cadeia de valor da fonte solar fotovoltaica e demais tecnologias limpas, incluindo armazenamento de energia el\u00e9trica e hidrog\u00eanio verde. Com associados nacionais e internacionais, de todos os portes, a entidade \u00e9 fonte de informa\u00e7\u00e3o e articula\u00e7\u00e3o em prol da transi\u00e7\u00e3o energ\u00e9tica sustent\u00e1vel do Brasil.<\/p>\n\n\n\n<p><\/p>\n","protected":false},"excerpt":{"rendered":"<p>Com abertura do jornalista e analista pol\u00edtico da CNN Brasil Iuri Pitta, encontro analisa novas oportunidades de neg\u00f3cios para as empresas no Pa\u00eds O Encontro Nacional ABSOLAR vai reunir, nos dias 11 e 12 de dezembro, no Centro de Conven\u00e7\u00f5es Rebou\u00e7as, na cidade de S\u00e3o Paulo, empres\u00e1rios, consultores, especialistas e agentes p\u00fablicos ligados ao setor [&hellip;]<\/p>\n","protected":false},"author":2,"featured_media":4059,"comment_status":"open","ping_status":"open","sticky":false,"template":"","format":"standard","meta":{"footnotes":""},"categories":[23],"tags":[],"class_list":{"0":"post-4058","1":"post","2":"type-post","3":"status-publish","4":"format-standard","5":"has-post-thumbnail","7":"category-feirasdenegocios"},"_links":{"self":[{"href":"https:\/\/tveventos.tv.br\/index.php?rest_route=\/wp\/v2\/posts\/4058","targetHints":{"allow":["GET"]}}],"collection":[{"href":"https:\/\/tveventos.tv.br\/index.php?rest_route=\/wp\/v2\/posts"}],"about":[{"href":"https:\/\/tveventos.tv.br\/index.php?rest_route=\/wp\/v2\/types\/post"}],"author":[{"embeddable":true,"href":"https:\/\/tveventos.tv.br\/index.php?rest_route=\/wp\/v2\/users\/2"}],"replies":[{"embeddable":true,"href":"https:\/\/tveventos.tv.br\/index.php?rest_route=%2Fwp%2Fv2%2Fcomments&post=4058"}],"version-history":[{"count":1,"href":"https:\/\/tveventos.tv.br\/index.php?rest_route=\/wp\/v2\/posts\/4058\/revisions"}],"predecessor-version":[{"id":4060,"href":"https:\/\/tveventos.tv.br\/index.php?rest_route=\/wp\/v2\/posts\/4058\/revisions\/4060"}],"wp:featuredmedia":[{"embeddable":true,"href":"https:\/\/tveventos.tv.br\/index.php?rest_route=\/wp\/v2\/media\/4059"}],"wp:attachment":[{"href":"https:\/\/tveventos.tv.br\/index.php?rest_route=%2Fwp%2Fv2%2Fmedia&parent=4058"}],"wp:term":[{"taxonomy":"category","embeddable":true,"href":"https:\/\/tveventos.tv.br\/index.php?rest_route=%2Fwp%2Fv2%2Fcategories&post=4058"},{"taxonomy":"post_tag","embeddable":true,"href":"https:\/\/tveventos.tv.br\/index.php?rest_route=%2Fwp%2Fv2%2Ftags&post=4058"}],"curies":[{"name":"wp","href":"https:\/\/api.w.org\/{rel}","templated":true}]}}