{"id":4061,"date":"2024-12-12T11:10:49","date_gmt":"2024-12-12T14:10:49","guid":{"rendered":"https:\/\/tveventos.tv.br\/?p=4061"},"modified":"2024-12-12T11:10:51","modified_gmt":"2024-12-12T14:10:51","slug":"oficinas-do-reciclar-pelo-brasil-estao-entre-os-destaques-da-expocatadores-2024","status":"publish","type":"post","link":"https:\/\/tveventos.tv.br\/?p=4061","title":{"rendered":"Oficinas do Reciclar pelo Brasil est\u00e3o entre os destaques da ExpoCatadores 2024"},"content":{"rendered":"\n<p>A ExpoCatadores 2024, que acontece de 18 a 20 de dezembro no Distrito Anhembi, em S\u00e3o Paulo, traz em sua programa\u00e7\u00e3o uma s\u00e9rie de oficinas do Reciclar pelo Brasil, maior programa de log\u00edstica reversa inclusiva do pa\u00eds. Gerenciado pela ANCAT \u2013 Associa\u00e7\u00e3o Nacional de Catadores e Catadoras de Materiais Recicl\u00e1veis e 16 empresas participantes, o programa atua na regulariza\u00e7\u00e3o, melhoria e profissionaliza\u00e7\u00e3o do trabalho de cooperativas e associa\u00e7\u00f5es de catadores.<\/p>\n\n\n\n<p>No dia 18, a partir das 9 horas, temas relevantes sobre o programa ser\u00e3o apresentados e debatidos pelos t\u00e9cnicos e catadores. A jornada inicia com a apresenta\u00e7\u00e3o do RPB e seus resultados; em seguida, ser\u00e3o abordados temas como a capacita\u00e7\u00e3o de direitos humanos dentro das cooperativas; sa\u00fade e seguran\u00e7a do trabalho; capacita\u00e7\u00e3o para participa\u00e7\u00e3o das cooperativas em editais; impactos clim\u00e1ticos e a reciclagem.<\/p>\n\n\n\n<p>De 2017 a 2023, o programa j\u00e1 alcan\u00e7ou resultados expressivos, com mais de 673 mil toneladas de materiais recuperados, al\u00e9m do envolvimento de mais de 28 mil catadores e catadoras impactados pelo Reciclar pelo Brasil.<\/p>\n\n\n\n<p>Acesse e confira a programa\u00e7\u00e3o completa do evento:&nbsp;<a href=\"https:\/\/expocatadores.com.br\/wp-content\/uploads\/2024\/12\/Programacao-ExpoCatadores-2024-digital.pdf\">https:\/\/expocatadores.com.br\/wp-content\/uploads\/2024\/12\/Programacao-ExpoCatadores-2024-digital.pdf<\/a><\/p>\n\n\n\n<p>A ExpoCatadores 2024 conta com o patroc\u00ednio master da CIRCULAR AMBIPAR.<\/p>\n\n\n\n<p>Patrocinadores: Instituto HEINEKEN, SEBRAE, FUNDA\u00c7\u00c3O BANCO DO BRASIL<\/p>\n\n\n\n<p>Co-Patrocinadores: TETRA PAK, COCA-COLA FEMSA, COCA-COLA BRASIL, CAIXA ECON\u00d4MICA FEDERAL.<\/p>\n\n\n\n<p>Patrocinadores Institucionais: ITAIPU, CORREIOS e BNDES.<\/p>\n\n\n\n<p>Apoio Institucional: Sistema OCB<\/p>\n","protected":false},"excerpt":{"rendered":"<p>A ExpoCatadores 2024, que acontece de 18 a 20 de dezembro no Distrito Anhembi, em S\u00e3o Paulo, traz em sua programa\u00e7\u00e3o uma s\u00e9rie de oficinas do Reciclar pelo Brasil, maior programa de log\u00edstica reversa inclusiva do pa\u00eds. Gerenciado pela ANCAT \u2013 Associa\u00e7\u00e3o Nacional de Catadores e Catadoras de Materiais Recicl\u00e1veis e 16 empresas participantes, o [&hellip;]<\/p>\n","protected":false},"author":2,"featured_media":4062,"comment_status":"open","ping_status":"open","sticky":false,"template":"","format":"standard","meta":{"footnotes":""},"categories":[23],"tags":[],"class_list":{"0":"post-4061","1":"post","2":"type-post","3":"status-publish","4":"format-standard","5":"has-post-thumbnail","7":"category-feirasdenegocios"},"_links":{"self":[{"href":"https:\/\/tveventos.tv.br\/index.php?rest_route=\/wp\/v2\/posts\/4061","targetHints":{"allow":["GET"]}}],"collection":[{"href":"https:\/\/tveventos.tv.br\/index.php?rest_route=\/wp\/v2\/posts"}],"about":[{"href":"https:\/\/tveventos.tv.br\/index.php?rest_route=\/wp\/v2\/types\/post"}],"author":[{"embeddable":true,"href":"https:\/\/tveventos.tv.br\/index.php?rest_route=\/wp\/v2\/users\/2"}],"replies":[{"embeddable":true,"href":"https:\/\/tveventos.tv.br\/index.php?rest_route=%2Fwp%2Fv2%2Fcomments&post=4061"}],"version-history":[{"count":1,"href":"https:\/\/tveventos.tv.br\/index.php?rest_route=\/wp\/v2\/posts\/4061\/revisions"}],"predecessor-version":[{"id":4063,"href":"https:\/\/tveventos.tv.br\/index.php?rest_route=\/wp\/v2\/posts\/4061\/revisions\/4063"}],"wp:featuredmedia":[{"embeddable":true,"href":"https:\/\/tveventos.tv.br\/index.php?rest_route=\/wp\/v2\/media\/4062"}],"wp:attachment":[{"href":"https:\/\/tveventos.tv.br\/index.php?rest_route=%2Fwp%2Fv2%2Fmedia&parent=4061"}],"wp:term":[{"taxonomy":"category","embeddable":true,"href":"https:\/\/tveventos.tv.br\/index.php?rest_route=%2Fwp%2Fv2%2Fcategories&post=4061"},{"taxonomy":"post_tag","embeddable":true,"href":"https:\/\/tveventos.tv.br\/index.php?rest_route=%2Fwp%2Fv2%2Ftags&post=4061"}],"curies":[{"name":"wp","href":"https:\/\/api.w.org\/{rel}","templated":true}]}}