{"id":4064,"date":"2024-12-12T12:41:59","date_gmt":"2024-12-12T15:41:59","guid":{"rendered":"https:\/\/tveventos.tv.br\/?p=4064"},"modified":"2024-12-12T12:42:01","modified_gmt":"2024-12-12T15:42:01","slug":"glass-south-america-e-e-squadria-show-antecipam-seu-ciclo-para-2025","status":"publish","type":"post","link":"https:\/\/tveventos.tv.br\/?p=4064","title":{"rendered":"Glass South America e E-squadria Show antecipam seu ciclo para 2025"},"content":{"rendered":"\n<p>Inicialmente previstas para 2026, a Glass South America e a E-squadria Show foram antecipadas para 2025. Agora, ambas as feiras ser\u00e3o realizadas de 3 a 6 de setembro.<\/p>\n\n\n\n<p>O an\u00fancio foi feito pela promotora N\u00fcrnbergMesse Brasil, em parceria com a Associa\u00e7\u00e3o Brasileira de Distribuidores e Processadores de Vidros Planos (Abravidro).<\/p>\n\n\n\n<p>Al\u00e9m da altera\u00e7\u00e3o na data \u2013 decis\u00e3o tomada em conjunto com os expositores -, os eventos ser\u00e3o realizados no Distrito Anhembi, em S\u00e3o Paulo, com uma estrutura ainda mais moderna.<\/p>\n\n\n\n<p>Antecipar a Glass South America e a E-squadria Show para 2025 e adotar um calend\u00e1rio bienal em anos \u00edmpares, \u201catende a um pedido do mercado e traz grandes benef\u00edcios para o setor\u201d, afirma a organiza\u00e7\u00e3o.<\/p>\n\n\n\n<p>\u201cEssa mudan\u00e7a evita coincid\u00eancias com outros importantes eventos, como Glasstec, Simpovidro e Fensterbau Frontale, proporcionando mais flexibilidade para os expositores e maior equil\u00edbrio no planejamento anual\u201d, diz Alexandre Brown, diretor do n\u00facleo de constru\u00e7\u00e3o da N\u00fcrnbergMesse Brasil.<\/p>\n\n\n\n<p>\u201cAl\u00e9m disso, garante aos visitantes um intervalo menor sem eventos, fortalecendo ainda mais a conex\u00e3o do mercado com as inova\u00e7\u00f5es e oportunidades que esses encontros oferecem\u201d, completa.<\/p>\n\n\n\n<p>A mudan\u00e7a para anos \u00edmpares vai garantir maior visibilidade para os parceiros e promover uma experi\u00eancia de networking ainda mais rica e produtiva.<\/p>\n\n\n\n<p>Al\u00e9m disso, a altera\u00e7\u00e3o no calend\u00e1rio permitir\u00e1 uma din\u00e2mica mais fluida para as empresas que atuam no setor vidreiro e de esquadrias, ampliando as oportunidades de neg\u00f3cios com grandes eventos todos os anos.<\/p>\n\n\n\n<p>\u201cHavia uma tradi\u00e7\u00e3o no setor vidreiro nacional de ter os dois principais eventos do mercado, a Glass South America e o Simpovidro, realizados em anos alternados\u201d, destaca Rafael Ribeiro, presidente da Abravidro.<\/p>\n\n\n\n<p>\u201cEm 2022, como primeiro passo na retomada do p\u00f3s-pandemia, foi necess\u00e1rio ter essas agendas no mesmo ano. Agora, chegou o momento de retornarmos aos anos alternados, melhorando o fluxo das empresas e enriquecendo a experi\u00eancia dos participantes\u201d, completou.<\/p>\n\n\n\n<p>Reconhecida como a maior feira do segmento de vidro na Am\u00e9rica Latina, a Glass South America ser\u00e1 realizada simultaneamente \u00e0 segunda edi\u00e7\u00e3o da E-Squadria Show, que estreou esse ano.<\/p>\n\n\n\n<p>Ambas s\u00e3o um ponto de encontro essencial para os profissionais da constru\u00e7\u00e3o civil, apresentando inova\u00e7\u00f5es e tend\u00eancias fundamentais para o desenvolvimento do mercado de constru\u00e7\u00e3o no Brasil e na Am\u00e9rica Latina.<\/p>\n\n\n\n<p><strong>SERVI\u00c7O:<\/strong><\/p>\n\n\n\n<p>Data: 3 a 6 de setembro de 2025<\/p>\n\n\n\n<p>Local: Distrito Anhembi<\/p>\n\n\n\n<p>Endere\u00e7o: Av. Olavo Fontoura, 1209 \u2013 Santana, S\u00e3o Paulo \u2013 SP<\/p>\n\n\n\n<p>Site:&nbsp;<a href=\"http:\/\/www.glassexpo.com.br\/\" target=\"_blank\" rel=\"noreferrer noopener\">www.glassexpo.com.br<\/a>&nbsp;&nbsp;<\/p>\n\n\n\n<p><em>Cr\u00e9dito da imagem: Pan\u00f3ptica<\/em><\/p>\n","protected":false},"excerpt":{"rendered":"<p>Inicialmente previstas para 2026, a Glass South America e a E-squadria Show foram antecipadas para 2025. Agora, ambas as feiras ser\u00e3o realizadas de 3 a 6 de setembro. O an\u00fancio foi feito pela promotora N\u00fcrnbergMesse Brasil, em parceria com a Associa\u00e7\u00e3o Brasileira de Distribuidores e Processadores de Vidros Planos (Abravidro). Al\u00e9m da altera\u00e7\u00e3o na data [&hellip;]<\/p>\n","protected":false},"author":2,"featured_media":4065,"comment_status":"open","ping_status":"open","sticky":false,"template":"","format":"standard","meta":{"footnotes":""},"categories":[23],"tags":[],"class_list":{"0":"post-4064","1":"post","2":"type-post","3":"status-publish","4":"format-standard","5":"has-post-thumbnail","7":"category-feirasdenegocios"},"_links":{"self":[{"href":"https:\/\/tveventos.tv.br\/index.php?rest_route=\/wp\/v2\/posts\/4064","targetHints":{"allow":["GET"]}}],"collection":[{"href":"https:\/\/tveventos.tv.br\/index.php?rest_route=\/wp\/v2\/posts"}],"about":[{"href":"https:\/\/tveventos.tv.br\/index.php?rest_route=\/wp\/v2\/types\/post"}],"author":[{"embeddable":true,"href":"https:\/\/tveventos.tv.br\/index.php?rest_route=\/wp\/v2\/users\/2"}],"replies":[{"embeddable":true,"href":"https:\/\/tveventos.tv.br\/index.php?rest_route=%2Fwp%2Fv2%2Fcomments&post=4064"}],"version-history":[{"count":1,"href":"https:\/\/tveventos.tv.br\/index.php?rest_route=\/wp\/v2\/posts\/4064\/revisions"}],"predecessor-version":[{"id":4066,"href":"https:\/\/tveventos.tv.br\/index.php?rest_route=\/wp\/v2\/posts\/4064\/revisions\/4066"}],"wp:featuredmedia":[{"embeddable":true,"href":"https:\/\/tveventos.tv.br\/index.php?rest_route=\/wp\/v2\/media\/4065"}],"wp:attachment":[{"href":"https:\/\/tveventos.tv.br\/index.php?rest_route=%2Fwp%2Fv2%2Fmedia&parent=4064"}],"wp:term":[{"taxonomy":"category","embeddable":true,"href":"https:\/\/tveventos.tv.br\/index.php?rest_route=%2Fwp%2Fv2%2Fcategories&post=4064"},{"taxonomy":"post_tag","embeddable":true,"href":"https:\/\/tveventos.tv.br\/index.php?rest_route=%2Fwp%2Fv2%2Ftags&post=4064"}],"curies":[{"name":"wp","href":"https:\/\/api.w.org\/{rel}","templated":true}]}}