{"id":4068,"date":"2024-12-16T11:11:21","date_gmt":"2024-12-16T14:11:21","guid":{"rendered":"https:\/\/tveventos.tv.br\/?p=4068"},"modified":"2024-12-16T11:11:23","modified_gmt":"2024-12-16T14:11:23","slug":"32a-futureprint-celebra-sucesso-de-publico-e-anuncia-datas-para-nova-edicao-em-2025","status":"publish","type":"post","link":"https:\/\/tveventos.tv.br\/?p=4068","title":{"rendered":"32\u00aa FuturePrint celebra sucesso de p\u00fablico e anuncia datas para nova edi\u00e7\u00e3o em 2025"},"content":{"rendered":"\n<p class=\"has-text-align-center\">Principal evento do segmento de comunica\u00e7\u00e3o visual, impress\u00e3o digital t\u00eaxtil, serigrafia e sublima\u00e7\u00e3o reuniu mais de 40.000 visitantes em quatro dias.<\/p>\n\n\n\n<p>A 32\u00aa edi\u00e7\u00e3o da FuturePrint, o principal evento da Am\u00e9rica Latina para os segmentos de comunica\u00e7\u00e3o visual, impress\u00e3o digital t\u00eaxtil, serigrafia e sublima\u00e7\u00e3o, aconteceu entre os dias 10 e 13 de julho no Expo Center Norte, em S\u00e3o Paulo. A feira foi um sucesso absoluto, superando todas as expectativas. A pr\u00f3xima edi\u00e7\u00e3o ser\u00e1 entre 16 e 19 de julho de 2025, no Distrito Anhembi, tamb\u00e9m em S\u00e3o Paulo.<\/p>\n\n\n\n<p>Com mais de 40.000 visitantes, a FuturePrint 2024 se consolidou como o principal evento do setor, proporcionando uma plataforma \u00fanica para networking, aprendizado e fechamento de neg\u00f3cios. Mais de 600 marcas expositoras participaram, ocupando os 30 mil metros quadrados do espa\u00e7o, onde apresentaram suas \u00faltimas novidades e inova\u00e7\u00f5es.<\/p>\n\n\n\n<p>O evento registrou um impressionante NPS (Net Promoter Score) de 85 entre os expositores, evidenciando a satisfa\u00e7\u00e3o e o sucesso alcan\u00e7ado pelas empresas presentes. Al\u00e9m disso, mais de 9.5 milh\u00f5es em negocia\u00e7\u00f5es de financiamentos e empr\u00e9stimos foram abertas para pequenos empreendedores na Sala de Cr\u00e9dito, destacando a import\u00e2ncia da feira como um impulsionador de neg\u00f3cios para quem est\u00e1 come\u00e7ando ou quer crescer neste mercado.<\/p>\n\n\n\n<p>Os participantes tiveram acesso a mais de 100 horas de conte\u00fado gratuito, incluindo palestras, workshops e demonstra\u00e7\u00f5es pr\u00e1ticas. O F\u00f3rum FuturePrint reuniu renomados profissionais da \u00e1rea de comunica\u00e7\u00e3o visual, que compartilharam suas experi\u00eancias e conhecimentos sobre novas t\u00e9cnicas, inova\u00e7\u00e3o, gest\u00e3o de neg\u00f3cios, empreendedorismo e tend\u00eancias de mercado. O Talks Future T\u00eaxtil apresentou solu\u00e7\u00f5es e possibilidades oferecidas pela impress\u00e3o digital no setor t\u00eaxtil.<\/p>\n\n\n\n<p>A FuturePrint tamb\u00e9m contou com espa\u00e7os dedicados \u00e0 serigrafia e sublima\u00e7\u00e3o. O Serigrafia em A\u00e7\u00e3o proporcionou demonstra\u00e7\u00f5es pr\u00e1ticas das diversas t\u00e9cnicas e processos de impress\u00e3o serigr\u00e1fica, enquanto o Sublima\u00e7\u00e3o em A\u00e7\u00e3o explorou todas as facetas do segmento da sublima\u00e7\u00e3o, desde marketing e finan\u00e7as at\u00e9 estrat\u00e9gias de vendas, oferecendo valiosas informa\u00e7\u00f5es para os visitantes.<\/p>\n\n\n\n<p>Pela primeira vez, a FuturePrint formou uma parceria in\u00e9dita com o Instituto Focus T\u00eaxtil e a Brother para oferecer capacita\u00e7\u00e3o em design de estampas. A iniciativa, que disponibilizou 20 vagas para dois cursos sequenciais focados nas t\u00e9cnicas modernas de estamparia digital e modelagem, destacando sua sustentabilidade. As aulas foram ministradas no Istituto Europeo di Design (IED) e conduzidas por especialistas renomados como Walter Rodrigues, Lucius Vilar e Rita Comparato. As pe\u00e7as finais ser\u00e3o expostas no Focus Fashion Summit, destacando a proposta de diversidade, inclus\u00e3o social e sustentabilidade no setor de moda.<\/p>\n\n\n\n<p>O Lounge dos Embaixadores, uma atra\u00e7\u00e3o popular da edi\u00e7\u00e3o anterior, retornou em 2024, proporcionando um ambiente prop\u00edcio para networking com figuras proeminentes do setor, influenciadores e especialistas, facilitando a troca de experi\u00eancias e a cria\u00e7\u00e3o de conex\u00f5es significativas.<\/p>\n\n\n\n<p>A Informa Markets, organizadora da FuturePrint, reafirmou seu compromisso com a sustentabilidade. A feira manteve iniciativas como a reutiliza\u00e7\u00e3o de 80% dos carpetes, ilumina\u00e7\u00e3o com l\u00e2mpadas de LED, incentivo \u00e0 constru\u00e7\u00e3o de estandes sustent\u00e1veis, coleta seletiva de materiais e apoio ao projeto &#8220;Quebrada Alimentada&#8221;, que distribui alimentos para fam\u00edlias de baixa renda na Zona Norte de S\u00e3o Paulo.<\/p>\n\n\n\n<p>A FuturePrint acompanha a evolu\u00e7\u00e3o e integra as solu\u00e7\u00f5es e tecnologias de impress\u00e3o nos mercados de serigrafia, comunica\u00e7\u00e3o visual e t\u00eaxtil. Desde seu reposicionamento em 2019, a feira se destaca por seu foco em pessoas, inova\u00e7\u00f5es e entrega de valor, sendo reconhecida como o evento mais completo para gera\u00e7\u00e3o e transforma\u00e7\u00e3o de neg\u00f3cios, est\u00edmulo ao conhecimento e evolu\u00e7\u00e3o dos segmentos da ind\u00fastria da impress\u00e3o e comunica\u00e7\u00e3o visual.<\/p>\n","protected":false},"excerpt":{"rendered":"<p>Principal evento do segmento de comunica\u00e7\u00e3o visual, impress\u00e3o digital t\u00eaxtil, serigrafia e sublima\u00e7\u00e3o reuniu mais de 40.000 visitantes em quatro dias. A 32\u00aa edi\u00e7\u00e3o da FuturePrint, o principal evento da Am\u00e9rica Latina para os segmentos de comunica\u00e7\u00e3o visual, impress\u00e3o digital t\u00eaxtil, serigrafia e sublima\u00e7\u00e3o, aconteceu entre os dias 10 e 13 de julho no Expo [&hellip;]<\/p>\n","protected":false},"author":2,"featured_media":4069,"comment_status":"open","ping_status":"open","sticky":false,"template":"","format":"standard","meta":{"footnotes":""},"categories":[23],"tags":[],"class_list":{"0":"post-4068","1":"post","2":"type-post","3":"status-publish","4":"format-standard","5":"has-post-thumbnail","7":"category-feirasdenegocios"},"_links":{"self":[{"href":"https:\/\/tveventos.tv.br\/index.php?rest_route=\/wp\/v2\/posts\/4068","targetHints":{"allow":["GET"]}}],"collection":[{"href":"https:\/\/tveventos.tv.br\/index.php?rest_route=\/wp\/v2\/posts"}],"about":[{"href":"https:\/\/tveventos.tv.br\/index.php?rest_route=\/wp\/v2\/types\/post"}],"author":[{"embeddable":true,"href":"https:\/\/tveventos.tv.br\/index.php?rest_route=\/wp\/v2\/users\/2"}],"replies":[{"embeddable":true,"href":"https:\/\/tveventos.tv.br\/index.php?rest_route=%2Fwp%2Fv2%2Fcomments&post=4068"}],"version-history":[{"count":1,"href":"https:\/\/tveventos.tv.br\/index.php?rest_route=\/wp\/v2\/posts\/4068\/revisions"}],"predecessor-version":[{"id":4070,"href":"https:\/\/tveventos.tv.br\/index.php?rest_route=\/wp\/v2\/posts\/4068\/revisions\/4070"}],"wp:featuredmedia":[{"embeddable":true,"href":"https:\/\/tveventos.tv.br\/index.php?rest_route=\/wp\/v2\/media\/4069"}],"wp:attachment":[{"href":"https:\/\/tveventos.tv.br\/index.php?rest_route=%2Fwp%2Fv2%2Fmedia&parent=4068"}],"wp:term":[{"taxonomy":"category","embeddable":true,"href":"https:\/\/tveventos.tv.br\/index.php?rest_route=%2Fwp%2Fv2%2Fcategories&post=4068"},{"taxonomy":"post_tag","embeddable":true,"href":"https:\/\/tveventos.tv.br\/index.php?rest_route=%2Fwp%2Fv2%2Ftags&post=4068"}],"curies":[{"name":"wp","href":"https:\/\/api.w.org\/{rel}","templated":true}]}}