{"id":4074,"date":"2024-12-16T14:25:08","date_gmt":"2024-12-16T17:25:08","guid":{"rendered":"https:\/\/tveventos.tv.br\/?p=4074"},"modified":"2024-12-16T14:25:10","modified_gmt":"2024-12-16T17:25:10","slug":"tecnotextil-brasil-2025-ja-conta-com-100-de-seu-espaco-comercializado","status":"publish","type":"post","link":"https:\/\/tveventos.tv.br\/?p=4074","title":{"rendered":"Tecnot\u00eaxtil Brasil 2025 j\u00e1 conta com 100% de seu espa\u00e7o comercializado"},"content":{"rendered":"\n<p>A Tecnot\u00eaxtil Brasil \u2013 Feira de Tecnologias para a Ind\u00fastria T\u00eaxtil e de Confec\u00e7\u00e3o \u2013 retorna em grande estilo ao Polo T\u00eaxtil de Americana de 22 a 25 de abril de 2025.<\/p>\n\n\n\n<p>Realizada no FIDAM, a feira ocupar\u00e1 uma \u00e1rea de 8.000m\u00b2 e j\u00e1 comemora um marco impressionante: 100% dos estandes vendidos, meses antes da abertura.<\/p>\n\n\n\n<p>Desde sua estreia, a Tecnot\u00eaxtil tem se firmado como um ponto de encontro indispens\u00e1vel para marcas, profissionais e expositores de todo o Brasil e do mundo.<\/p>\n\n\n\n<p>Em 2025, a feira refor\u00e7a sua import\u00e2ncia ao se realizar mais uma vez em Americana, conhecida como a \u201cPrincesa Tecel\u00e3\u201d e um dos maiores polos de produ\u00e7\u00e3o t\u00eaxtil do pa\u00eds.<\/p>\n\n\n\n<p>&nbsp;A edi\u00e7\u00e3o deste ano promete ser uma vitrine de inova\u00e7\u00f5es tecnol\u00f3gicas e tend\u00eancias que transformam o mercado t\u00eaxtil e de confec\u00e7\u00e3o.<\/p>\n\n\n\n<p>Sustentabilidade, automa\u00e7\u00e3o, digitaliza\u00e7\u00e3o e Ind\u00fastria 4.0 ser\u00e3o temas centrais, apresentados por meio de exposi\u00e7\u00f5es, palestras e workshops.<\/p>\n\n\n\n<p>De acordo com H\u00e9lvio J\u00fanior, diretor de comunica\u00e7\u00e3o do Febratex Group, realizador do evento, a Tecnot\u00eaxtil Brasil tem desempenhado um papel fundamental na evolu\u00e7\u00e3o do setor.<\/p>\n\n\n\n<p>\u201cEste \u00e9 um momento de celebra\u00e7\u00e3o para a ind\u00fastria t\u00eaxtil. O sucesso da feira reflete a for\u00e7a do mercado e a import\u00e2ncia de um evento que une inova\u00e7\u00e3o, sustentabilidade e gera\u00e7\u00e3o de neg\u00f3cios em um s\u00f3 lugar\u201d, destaca.<\/p>\n\n\n\n<p>A \u00faltima edi\u00e7\u00e3o da feira, realizada em mar\u00e7o de 2023, reuniu mais de 15 mil visitantes e contou com 120 expositores representando 300 marcas.<\/p>\n\n\n\n<p>O evento se destacou por gerar conex\u00f5es estrat\u00e9gicas e movimentar a economia da regi\u00e3o, com forte impacto em setores como hotelaria, restaurantes, com\u00e9rcio e transporte.<\/p>\n\n\n\n<p>&nbsp;Com todos os estandes vendidos para 2025, as expectativas s\u00e3o ainda maiores. H\u00e9lvio Pompeo, presidente do Febratex Group, destaca a import\u00e2ncia das feiras para a economia das cidades que as recebem.<\/p>\n\n\n\n<p>\u201cFeiras como a Tecnot\u00eaxtil Brasil t\u00eam um papel fundamental na economia local, pois geram uma forte movimenta\u00e7\u00e3o em diversos setores, criando oportunidades de neg\u00f3cios, empregos e visibilidade para a regi\u00e3o\u201d, afirma.<\/p>\n\n\n\n<p>&nbsp;\u201cS\u00e3o espa\u00e7os onde inova\u00e7\u00e3o, sustentabilidade e neg\u00f3cios se encontram, impulsionando a economia de maneira significativa\u201d, finaliza.<\/p>\n\n\n\n<p><strong>SERVI\u00c7O:<\/strong><\/p>\n\n\n\n<p>Data: 22 a 25 de abril de 2025.<\/p>\n\n\n\n<p>Local: FIDAM, Americana, S\u00e3o Paulo<\/p>\n\n\n\n<p>Site:&nbsp;<a href=\"https:\/\/tecnotextilbrasil.com.br\/\" target=\"_blank\" rel=\"noreferrer noopener\">https:\/\/tecnotextilbrasil.com.br\/<\/a><\/p>\n\n\n\n<p><a href=\"https:\/\/bit.ly\/3ZHx7Lz\" target=\"_blank\" rel=\"noreferrer noopener\"><\/a><\/p>\n","protected":false},"excerpt":{"rendered":"<p>A Tecnot\u00eaxtil Brasil \u2013 Feira de Tecnologias para a Ind\u00fastria T\u00eaxtil e de Confec\u00e7\u00e3o \u2013 retorna em grande estilo ao Polo T\u00eaxtil de Americana de 22 a 25 de abril de 2025. Realizada no FIDAM, a feira ocupar\u00e1 uma \u00e1rea de 8.000m\u00b2 e j\u00e1 comemora um marco impressionante: 100% dos estandes vendidos, meses antes da [&hellip;]<\/p>\n","protected":false},"author":2,"featured_media":4075,"comment_status":"open","ping_status":"open","sticky":false,"template":"","format":"standard","meta":{"footnotes":""},"categories":[23],"tags":[],"class_list":{"0":"post-4074","1":"post","2":"type-post","3":"status-publish","4":"format-standard","5":"has-post-thumbnail","7":"category-feirasdenegocios"},"_links":{"self":[{"href":"https:\/\/tveventos.tv.br\/index.php?rest_route=\/wp\/v2\/posts\/4074","targetHints":{"allow":["GET"]}}],"collection":[{"href":"https:\/\/tveventos.tv.br\/index.php?rest_route=\/wp\/v2\/posts"}],"about":[{"href":"https:\/\/tveventos.tv.br\/index.php?rest_route=\/wp\/v2\/types\/post"}],"author":[{"embeddable":true,"href":"https:\/\/tveventos.tv.br\/index.php?rest_route=\/wp\/v2\/users\/2"}],"replies":[{"embeddable":true,"href":"https:\/\/tveventos.tv.br\/index.php?rest_route=%2Fwp%2Fv2%2Fcomments&post=4074"}],"version-history":[{"count":1,"href":"https:\/\/tveventos.tv.br\/index.php?rest_route=\/wp\/v2\/posts\/4074\/revisions"}],"predecessor-version":[{"id":4076,"href":"https:\/\/tveventos.tv.br\/index.php?rest_route=\/wp\/v2\/posts\/4074\/revisions\/4076"}],"wp:featuredmedia":[{"embeddable":true,"href":"https:\/\/tveventos.tv.br\/index.php?rest_route=\/wp\/v2\/media\/4075"}],"wp:attachment":[{"href":"https:\/\/tveventos.tv.br\/index.php?rest_route=%2Fwp%2Fv2%2Fmedia&parent=4074"}],"wp:term":[{"taxonomy":"category","embeddable":true,"href":"https:\/\/tveventos.tv.br\/index.php?rest_route=%2Fwp%2Fv2%2Fcategories&post=4074"},{"taxonomy":"post_tag","embeddable":true,"href":"https:\/\/tveventos.tv.br\/index.php?rest_route=%2Fwp%2Fv2%2Ftags&post=4074"}],"curies":[{"name":"wp","href":"https:\/\/api.w.org\/{rel}","templated":true}]}}