{"id":4077,"date":"2024-12-18T12:07:27","date_gmt":"2024-12-18T15:07:27","guid":{"rendered":"https:\/\/tveventos.tv.br\/?p=4077"},"modified":"2024-12-18T12:07:29","modified_gmt":"2024-12-18T15:07:29","slug":"expo-revestir-2025-inaugura-nova-era","status":"publish","type":"post","link":"https:\/\/tveventos.tv.br\/?p=4077","title":{"rendered":"Expo Revestir 2025 inaugura nova era!"},"content":{"rendered":"\n<p>Mais dias, mais neg\u00f3cios e conex\u00f5es: maior feira de revestimentos e acabamentos da Am\u00e9rica Latina, a Expo Revestir se consolida como plataforma global de neg\u00f3cios para o setor<\/p>\n\n\n\n<p>Em 2025 a Expo Revestir inaugura uma nova era, com dias e hor\u00e1rios ampliados, buscando maximizar as oportunidades de neg\u00f3cios e conex\u00f5es que o evento oferece e em resposta \u00e0 crescente demanda de seu p\u00fablico especializado. A23\u00aa edi\u00e7\u00e3o ser\u00e1 realizada de&nbsp;<strong>10 a 14 de mar\u00e7o de 2025<\/strong>, iniciando-se \u00e0s9h, no S\u00e3o Paulo Expo, em S\u00e3o Paulo.<\/p>\n\n\n\n<p>Com novo formato de visita\u00e7\u00e3o, os dias 10 e 11 de mar\u00e7o (segunda e ter\u00e7a-feira)ser\u00e3o destinados aos convidados da promotora da feira, voltados ao p\u00fablico de neg\u00f3cios. Os dias 12, 13 e 14 de mar\u00e7o (quarta, quinta e sexta-feira) ser\u00e3o abertos ao p\u00fablico profissional, com credenciamento no site oficial do evento.<\/p>\n\n\n\n<p>Estar\u00e3o reunidas mais de&nbsp;<strong>300 marcas expositoras,<\/strong>&nbsp;entre os maiores players nacionais e internacionais dos segmentos de: cer\u00e2micas, lou\u00e7as sanit\u00e1rias, metais, rochas ornamentais, mosaicos, madeiras, laminados, ciment\u00edcios, v\u00edtreos, maquin\u00e1rio, acess\u00f3rios e outros revestimentos, ocupando seis pavilh\u00f5es e \u00e1rea total de&nbsp;<strong>65.000 metros quadrados.<\/strong><\/p>\n\n\n\n<p><em>\u201cA Expo Revestir tem uma trajet\u00f3ria consolidada e o compromisso constante de evoluir. Estabelecemos novos padr\u00f5es para a ind\u00fastria, trazendo conceitos inovadores que ir\u00e3o impulsionar neg\u00f3cios e criar um legado duradouro para a constru\u00e7\u00e3o civil. Inovar faz parte da hist\u00f3ria da Expo Revestir. Em 2025,continuaremos a surpreender e inspirar a todos\u201d<\/em>, destaca Maur\u00edcio Borges, presidente executivo da Expo Revestir e Anfacer.<\/p>\n\n\n\n<p><em>\u201cA feira \u00e9 uma plataforma reconhecida no fomento de neg\u00f3cios. O evento cresceu com o setor e, a cada nova edi\u00e7\u00e3o, prop\u00f5e iniciativas que estimulam e criam conex\u00f5es valiosas para toda a cadeia\u201d<\/em>, destaca Andr\u00e9 Soares, CFO da Expo Revestir e Anfacer. &nbsp;<\/p>\n\n\n\n<p>\u200d<\/p>\n\n\n\n<p><strong>Mais experi\u00eancias e conte\u00fados<\/strong><\/p>\n\n\n\n<p>A Expo Revestir 2025 tamb\u00e9m chega renovada na parte de experi\u00eancias e conte\u00fados. Sob a bandeira do FIER+ a feira trar\u00e1 uma programa\u00e7\u00e3o din\u00e2mica de talks inspiradores e debates conduzidos por parceiros e curadores, tornando as intera\u00e7\u00f5es mais imersivas e alinhadas com as tend\u00eancias do setor.<\/p>\n\n\n\n<p>A feira tamb\u00e9m ser\u00e1 palco de reconhecidos pr\u00eamios de arquitetura e constru\u00e7\u00e3o. Completando 10 anos, o Pr\u00eamio Best In Show destacar\u00e1 os mais inovadores lan\u00e7amentos da feira em 15 categorias distintas. Os vencedores ser\u00e3o divulgados no dia 12 de mar\u00e7o de 2025. J\u00e1 o Pr\u00eamio Destaque Expo Revestir \u2013 Revista Anamaco, acontece no dia 10 de mar\u00e7o, homenageando as principais revendas do pa\u00eds.<\/p>\n\n\n\n<p>Outro destaque ser\u00e1 a Oficina Central do Assentador Cer\u00e2mico, que pelo segundo ano, trar\u00e1 programa\u00e7\u00e3o pr\u00e1tica e te\u00f3rica sobre a excel\u00eancia no processo de assentamento.<\/p>\n\n\n\n<p>A exposi\u00e7\u00e3o tamb\u00e9m destaca seu car\u00e1ter internacional. Terceiro maior evento do mundo para o segmento, com a presen\u00e7a de expositores e visitantes estrangeiros, provenientes de 52 pa\u00edses em sua \u00faltima edi\u00e7\u00e3o, a feira realizar\u00e1 o Projeto Comprador e Imagem, com o objetivo de trazer compradores e jornalistas internacionais ao evento.<\/p>\n","protected":false},"excerpt":{"rendered":"<p>Mais dias, mais neg\u00f3cios e conex\u00f5es: maior feira de revestimentos e acabamentos da Am\u00e9rica Latina, a Expo Revestir se consolida como plataforma global de neg\u00f3cios para o setor Em 2025 a Expo Revestir inaugura uma nova era, com dias e hor\u00e1rios ampliados, buscando maximizar as oportunidades de neg\u00f3cios e conex\u00f5es que o evento oferece e [&hellip;]<\/p>\n","protected":false},"author":2,"featured_media":4078,"comment_status":"open","ping_status":"open","sticky":false,"template":"","format":"standard","meta":{"footnotes":""},"categories":[23],"tags":[],"class_list":{"0":"post-4077","1":"post","2":"type-post","3":"status-publish","4":"format-standard","5":"has-post-thumbnail","7":"category-feirasdenegocios"},"_links":{"self":[{"href":"https:\/\/tveventos.tv.br\/index.php?rest_route=\/wp\/v2\/posts\/4077","targetHints":{"allow":["GET"]}}],"collection":[{"href":"https:\/\/tveventos.tv.br\/index.php?rest_route=\/wp\/v2\/posts"}],"about":[{"href":"https:\/\/tveventos.tv.br\/index.php?rest_route=\/wp\/v2\/types\/post"}],"author":[{"embeddable":true,"href":"https:\/\/tveventos.tv.br\/index.php?rest_route=\/wp\/v2\/users\/2"}],"replies":[{"embeddable":true,"href":"https:\/\/tveventos.tv.br\/index.php?rest_route=%2Fwp%2Fv2%2Fcomments&post=4077"}],"version-history":[{"count":1,"href":"https:\/\/tveventos.tv.br\/index.php?rest_route=\/wp\/v2\/posts\/4077\/revisions"}],"predecessor-version":[{"id":4079,"href":"https:\/\/tveventos.tv.br\/index.php?rest_route=\/wp\/v2\/posts\/4077\/revisions\/4079"}],"wp:featuredmedia":[{"embeddable":true,"href":"https:\/\/tveventos.tv.br\/index.php?rest_route=\/wp\/v2\/media\/4078"}],"wp:attachment":[{"href":"https:\/\/tveventos.tv.br\/index.php?rest_route=%2Fwp%2Fv2%2Fmedia&parent=4077"}],"wp:term":[{"taxonomy":"category","embeddable":true,"href":"https:\/\/tveventos.tv.br\/index.php?rest_route=%2Fwp%2Fv2%2Fcategories&post=4077"},{"taxonomy":"post_tag","embeddable":true,"href":"https:\/\/tveventos.tv.br\/index.php?rest_route=%2Fwp%2Fv2%2Ftags&post=4077"}],"curies":[{"name":"wp","href":"https:\/\/api.w.org\/{rel}","templated":true}]}}