{"id":4080,"date":"2024-12-18T12:31:47","date_gmt":"2024-12-18T15:31:47","guid":{"rendered":"https:\/\/tveventos.tv.br\/?p=4080"},"modified":"2024-12-18T12:31:54","modified_gmt":"2024-12-18T15:31:54","slug":"com-crescimento-de-300-fenasoja-2024-fechou-com-r-36-bilhoes-em-negocios","status":"publish","type":"post","link":"https:\/\/tveventos.tv.br\/?p=4080","title":{"rendered":"Com crescimento de 300%, Fenasoja 2024 fechou com R$ 3,6 bilh\u00f5es em neg\u00f3cios"},"content":{"rendered":"\n<p>A Fenasoja 2024 divulgou na manh\u00e3 desta segunda-feira (16\/12) a pesquisa que aponta os neg\u00f3cios fechados e prospectados durante a edi\u00e7\u00e3o que aconteceu de 28 de novembro a 08 de dezembro, em Santa Rosa. O levantamento t\u00e9cnico foi realizado pela Uniju\u00ed e confirmou que a edi\u00e7\u00e3o especial dos 100 Anos da Soja no Brasil contabilizou R$ 3,6 bilh\u00f5es em neg\u00f3cios. O valor \u00e9 300% superior ao volume de neg\u00f3cios da edi\u00e7\u00e3o anterior em 2022, que registrou 1,2 bilh\u00e3o em neg\u00f3cios.<\/p>\n\n\n\n<p>O destaque \u00e9 para os neg\u00f3cios fechados e prospectados pelas institui\u00e7\u00f5es financeiras, no montante de R$ 2,7 bilh\u00f5es, seguido do setor do agroneg\u00f3cio, que declarou R$ 702 milh\u00f5es em neg\u00f3cios fechados e prospectados nesta edi\u00e7\u00e3o. O setor do agro registrou n\u00fameros recordes e plena satisfa\u00e7\u00e3o na prospec\u00e7\u00e3o de novos clientes e novos neg\u00f3cios. O setor de ve\u00edculos tamb\u00e9m foi destaque e registrou aproximadamente R$ 70 milh\u00f5es em neg\u00f3cios, acompanhado do com\u00e9rcio, com R$ 56 milh\u00f5es, e servi\u00e7os, com R$ 50 milh\u00f5es. O setor de gastronomia contabilizou R$ 4,2 milh\u00f5es.&nbsp;<\/p>\n\n\n\n<p>O presidente da Fenasoja 2024, D\u00e1rio Germano, destacou que a edi\u00e7\u00e3o atingiu seu objetivo de ser um movimento de retomada da economia do RS, no ano que se celebra o centen\u00e1rio da Soja no Brasil. \u201cEsta edi\u00e7\u00e3o mostrou a for\u00e7a da Fenasoja. Mesmo em um ano dif\u00edcil para a economia, principalmente para o agroneg\u00f3cio, a feira movimentou um n\u00famero expressivo de neg\u00f3cios. Uma empresa de m\u00e1quinas agr\u00edcolas, por exemplo, contabilizou R$50 milh\u00f5es em neg\u00f3cios fechados e prospectados. Outra fez R$45 milh\u00f5es. Ainda segundo nosso levantamento, duas empresas de drones venderam cerca de R$ 9 milh\u00f5es. Outro destaque est\u00e1 para uma concession\u00e1ria que vendeu na feira 150 ve\u00edculos\u201d, divulgou. D\u00e1rio Germano foi al\u00e9m e destacou que a feira \u00e9 vitrine tamb\u00e9m para outras regi\u00f5es. \u201cUma imobili\u00e1ria de Santa Catarina fechou R$ 8,5 milh\u00f5es em neg\u00f3cios e prospectou mais de R$ 15 milh\u00f5es, o que mostra a Fenasoja como vitrine para neg\u00f3cios\u201d, enfatizou.<\/p>\n\n\n\n<p>Conforme a pesquisa, uma empresa de irriga\u00e7\u00e3o fechou os 10 dias de feira com R$ 5 milh\u00f5es em neg\u00f3cios. No entanto, a feira tamb\u00e9m movimentou diversos setores, como a alimenta\u00e7\u00e3o. \u201cNo setor de alimenta\u00e7\u00e3o, a feira, atrav\u00e9s de empresas parceiras, ofertou diferentes possibilidades e gerou mais de R$ 4 milh\u00f5es. Um ponto de alimenta\u00e7\u00e3o registrou mais de 14.000 refei\u00e7\u00f5es, outros comercializaram mais de 9.000 fatias de pizza, mais de 4.000 hamb\u00fargueres, mais de 10.000 espetinhos e outro mais 6.500 crepes. No artesanato, um expositor inovou e produziu produtos com a marca dos 100 anos da Soja no Brasil e o resultado: vendeu 100 t\u00e1buas de churrasco\u201d, explanou.&nbsp; &nbsp;<\/p>\n\n\n\n<p>Em termos de p\u00fablico, foram 278.370 acessos. Deste n\u00famero, houve 128. 375 pagantes, al\u00e9m dos credenciados.&nbsp;A coletiva encerrou com o an\u00fancio da data da nova edi\u00e7\u00e3o. Ser\u00e1 01 a 10 de maio de 2026 e presidida por Marcos Servat.&nbsp;A Fenasoja 2024 foi um sucesso, e aconteceu de 28 de novembro a 08 de dezembro, no Parque de Exposi\u00e7\u00f5es de Santa Rosa, em celebra\u00e7\u00e3o aos 100 anos da Soja no Brasil.&nbsp;<\/p>\n\n\n\n<figure class=\"wp-block-image size-full\"><img loading=\"lazy\" decoding=\"async\" width=\"594\" height=\"229\" src=\"https:\/\/tveventos.tv.br\/wp-content\/uploads\/2024\/12\/image-1.png\" alt=\"\" class=\"wp-image-4081\" srcset=\"https:\/\/tveventos.tv.br\/wp-content\/uploads\/2024\/12\/image-1.png 594w, https:\/\/tveventos.tv.br\/wp-content\/uploads\/2024\/12\/image-1-300x116.png 300w\" sizes=\"auto, (max-width: 594px) 100vw, 594px\" \/><\/figure>\n\n\n\n<figure class=\"wp-block-image size-full\"><img loading=\"lazy\" decoding=\"async\" width=\"722\" height=\"175\" src=\"https:\/\/tveventos.tv.br\/wp-content\/uploads\/2024\/12\/image-2.png\" alt=\"\" class=\"wp-image-4082\" srcset=\"https:\/\/tveventos.tv.br\/wp-content\/uploads\/2024\/12\/image-2.png 722w, https:\/\/tveventos.tv.br\/wp-content\/uploads\/2024\/12\/image-2-300x73.png 300w, https:\/\/tveventos.tv.br\/wp-content\/uploads\/2024\/12\/image-2-696x169.png 696w\" sizes=\"auto, (max-width: 722px) 100vw, 722px\" \/><\/figure>\n","protected":false},"excerpt":{"rendered":"<p>A Fenasoja 2024 divulgou na manh\u00e3 desta segunda-feira (16\/12) a pesquisa que aponta os neg\u00f3cios fechados e prospectados durante a edi\u00e7\u00e3o que aconteceu de 28 de novembro a 08 de dezembro, em Santa Rosa. O levantamento t\u00e9cnico foi realizado pela Uniju\u00ed e confirmou que a edi\u00e7\u00e3o especial dos 100 Anos da Soja no Brasil contabilizou [&hellip;]<\/p>\n","protected":false},"author":2,"featured_media":4083,"comment_status":"open","ping_status":"open","sticky":false,"template":"","format":"standard","meta":{"footnotes":""},"categories":[23],"tags":[],"class_list":{"0":"post-4080","1":"post","2":"type-post","3":"status-publish","4":"format-standard","5":"has-post-thumbnail","7":"category-feirasdenegocios"},"_links":{"self":[{"href":"https:\/\/tveventos.tv.br\/index.php?rest_route=\/wp\/v2\/posts\/4080","targetHints":{"allow":["GET"]}}],"collection":[{"href":"https:\/\/tveventos.tv.br\/index.php?rest_route=\/wp\/v2\/posts"}],"about":[{"href":"https:\/\/tveventos.tv.br\/index.php?rest_route=\/wp\/v2\/types\/post"}],"author":[{"embeddable":true,"href":"https:\/\/tveventos.tv.br\/index.php?rest_route=\/wp\/v2\/users\/2"}],"replies":[{"embeddable":true,"href":"https:\/\/tveventos.tv.br\/index.php?rest_route=%2Fwp%2Fv2%2Fcomments&post=4080"}],"version-history":[{"count":1,"href":"https:\/\/tveventos.tv.br\/index.php?rest_route=\/wp\/v2\/posts\/4080\/revisions"}],"predecessor-version":[{"id":4084,"href":"https:\/\/tveventos.tv.br\/index.php?rest_route=\/wp\/v2\/posts\/4080\/revisions\/4084"}],"wp:featuredmedia":[{"embeddable":true,"href":"https:\/\/tveventos.tv.br\/index.php?rest_route=\/wp\/v2\/media\/4083"}],"wp:attachment":[{"href":"https:\/\/tveventos.tv.br\/index.php?rest_route=%2Fwp%2Fv2%2Fmedia&parent=4080"}],"wp:term":[{"taxonomy":"category","embeddable":true,"href":"https:\/\/tveventos.tv.br\/index.php?rest_route=%2Fwp%2Fv2%2Fcategories&post=4080"},{"taxonomy":"post_tag","embeddable":true,"href":"https:\/\/tveventos.tv.br\/index.php?rest_route=%2Fwp%2Fv2%2Ftags&post=4080"}],"curies":[{"name":"wp","href":"https:\/\/api.w.org\/{rel}","templated":true}]}}