{"id":4085,"date":"2024-12-20T11:27:54","date_gmt":"2024-12-20T14:27:54","guid":{"rendered":"https:\/\/tveventos.tv.br\/?p=4085"},"modified":"2024-12-20T11:27:56","modified_gmt":"2024-12-20T14:27:56","slug":"smart-summit-2025-a-maior-feira-de-investimentos-e-negocios-do-rio-de-janeiro-esta-chegando","status":"publish","type":"post","link":"https:\/\/tveventos.tv.br\/?p=4085","title":{"rendered":"Smart Summit 2025: A maior feira de investimentos e neg\u00f3cios do Rio de Janeiro est\u00e1 chegando"},"content":{"rendered":"\n<p class=\"has-text-align-center\"><em>Oitava edi\u00e7\u00e3o do evento deve reunir mais de 10.000 participantes para debater as principais tend\u00eancias do mercado no pr\u00f3ximo ano<\/em>.<\/p>\n\n\n\n<p>Nos dias 13 e 14 de fevereiro de 2025, o Expo Mag recebe a 8\u00aa edi\u00e7\u00e3o do Smart Summit, a maior feira de investimentos e neg\u00f3cios do Rio de Janeiro. O evento \u00e9 apresentado pela InvestSmart XP, o maior escrit\u00f3rio de assessoria de investimentos do Brasil, e AZ Quest, uma das maiores gestoras independentes de fundos do Brasil, e patrocinado, entre outros, pela Be.Smart, parceira comercial exclusiva da InvestSmart XP voltada para solu\u00e7\u00f5es financeiras. Al\u00e9m disso, deve contar com o patroc\u00ednio de mais de 100 empresas, e reunir mais de 10.000 participantes. O objetivo ser\u00e1 discutir as principais tend\u00eancias do mercado financeiro, al\u00e9m de criar oportunidades valiosas de conex\u00e3o e aprendizado.<\/p>\n\n\n\n<p>O Smart Summit 2025 contar\u00e1 com uma plen\u00e1ria principal, dois palcos alternativos e outras sete \u00e1reas de conte\u00fado, al\u00e9m de um espa\u00e7o liter\u00e1rio, localizado no stand da InvestSmart XP. E abordar\u00e1 temas como investimentos alternativos, inova\u00e7\u00e3o, tecnologia, startups, criptoativos, elei\u00e7\u00f5es, mercado de luxo, empreendedorismo e as diferentes estrat\u00e9gias de aloca\u00e7\u00e3o de acordo com a faixa et\u00e1ria dos investidores. Baseado no Rio de Janeiro, o evento tamb\u00e9m trar\u00e1 debates sobre grandes iniciativas da cidade, como a nova bolsa de valores do Rio de Janeiro, a &#8220;Base Exchange&#8221;, prevista para come\u00e7ar a operar no pr\u00f3ximo ano. \u201cO RJ \u00e9 uma pra\u00e7a consolidada no mercado financeiro e a chegada da bolsa potencializar\u00e1 isso, trar\u00e1 novas oportunidades de origina\u00e7\u00e3o e capta\u00e7\u00e3o para a cidade, e consecutivamente para o Brasil como um todo\u201d, afirma Samyr Castro, CEO da InvestSmart XP, apresentadora do evento.<\/p>\n\n\n\n<p>Na \u00faltima edi\u00e7\u00e3o, o evento reuniu mais de 7.000 participantes e contou com mais de 180 palestrantes, lideradas por grandes nomes, como Thiago Maffra, CEO da XP, Jo\u00e3o Pedro Nascimento, presidente da CVM, Silvia Belluzo, diretora de marketing para PMEs da Am\u00e9rica Latina do TikTok e Nath Finan\u00e7as, youtuber e influenciadora. A edi\u00e7\u00e3o de 2025 promete oferecer uma programa\u00e7\u00e3o ainda mais diversificada e trazer novas oportunidades de networking para todos os p\u00fablicos.<\/p>\n\n\n\n<p>Entre os confirmados de 2025, est\u00e3o Gilvan Bueno, especialista em finan\u00e7as e comentarista econ\u00f4mico da CNN Money, e Carlos Ferreirinha, fundador da MCF Consultoria e ex-presidente Louis Vuitton Brasil, que contribuir\u00e3o com insights valiosos sobre os rumos dos investimentos e neg\u00f3cios no Brasil e no mundo.<\/p>\n\n\n\n<p><strong>Mais informa\u00e7\u00f5es:<\/strong><\/p>\n\n\n\n<p><strong>Dias:<\/strong>&nbsp;13 e 14 de fevereiro<\/p>\n\n\n\n<p><strong>Hor\u00e1rio:&nbsp;<\/strong>10h as 20h<\/p>\n\n\n\n<p><strong>Local:&nbsp;<\/strong>Expo Mag &#8211; R. Beatriz Larragoiti Lucas Cidade Nova Centro &#8211; Rio de Janeiro<\/p>\n\n\n\n<p><strong>Ingressos:<\/strong>&nbsp;<a href=\"https:\/\/www.sympla.com.br\/evento\/smart-summit-2025\/2431164?referrer=smartsummit.com.br\" target=\"_blank\" rel=\"noreferrer noopener\">https:\/\/www.sympla.com.br\/evento\/smart-summit-2025\/2431164?referrer=smartsummit.com.br<\/a><\/p>\n\n\n\n<p><\/p>\n","protected":false},"excerpt":{"rendered":"<p>Oitava edi\u00e7\u00e3o do evento deve reunir mais de 10.000 participantes para debater as principais tend\u00eancias do mercado no pr\u00f3ximo ano. Nos dias 13 e 14 de fevereiro de 2025, o Expo Mag recebe a 8\u00aa edi\u00e7\u00e3o do Smart Summit, a maior feira de investimentos e neg\u00f3cios do Rio de Janeiro. O evento \u00e9 apresentado pela [&hellip;]<\/p>\n","protected":false},"author":2,"featured_media":4086,"comment_status":"open","ping_status":"open","sticky":false,"template":"","format":"standard","meta":{"footnotes":""},"categories":[23],"tags":[],"class_list":{"0":"post-4085","1":"post","2":"type-post","3":"status-publish","4":"format-standard","5":"has-post-thumbnail","7":"category-feirasdenegocios"},"_links":{"self":[{"href":"https:\/\/tveventos.tv.br\/index.php?rest_route=\/wp\/v2\/posts\/4085","targetHints":{"allow":["GET"]}}],"collection":[{"href":"https:\/\/tveventos.tv.br\/index.php?rest_route=\/wp\/v2\/posts"}],"about":[{"href":"https:\/\/tveventos.tv.br\/index.php?rest_route=\/wp\/v2\/types\/post"}],"author":[{"embeddable":true,"href":"https:\/\/tveventos.tv.br\/index.php?rest_route=\/wp\/v2\/users\/2"}],"replies":[{"embeddable":true,"href":"https:\/\/tveventos.tv.br\/index.php?rest_route=%2Fwp%2Fv2%2Fcomments&post=4085"}],"version-history":[{"count":1,"href":"https:\/\/tveventos.tv.br\/index.php?rest_route=\/wp\/v2\/posts\/4085\/revisions"}],"predecessor-version":[{"id":4087,"href":"https:\/\/tveventos.tv.br\/index.php?rest_route=\/wp\/v2\/posts\/4085\/revisions\/4087"}],"wp:featuredmedia":[{"embeddable":true,"href":"https:\/\/tveventos.tv.br\/index.php?rest_route=\/wp\/v2\/media\/4086"}],"wp:attachment":[{"href":"https:\/\/tveventos.tv.br\/index.php?rest_route=%2Fwp%2Fv2%2Fmedia&parent=4085"}],"wp:term":[{"taxonomy":"category","embeddable":true,"href":"https:\/\/tveventos.tv.br\/index.php?rest_route=%2Fwp%2Fv2%2Fcategories&post=4085"},{"taxonomy":"post_tag","embeddable":true,"href":"https:\/\/tveventos.tv.br\/index.php?rest_route=%2Fwp%2Fv2%2Ftags&post=4085"}],"curies":[{"name":"wp","href":"https:\/\/api.w.org\/{rel}","templated":true}]}}