{"id":4091,"date":"2025-01-09T13:31:40","date_gmt":"2025-01-09T16:31:40","guid":{"rendered":"https:\/\/tveventos.tv.br\/?p=4091"},"modified":"2025-01-09T13:31:42","modified_gmt":"2025-01-09T16:31:42","slug":"maior-feira-b2b-de-artigos-para-casa-da-america-latina-abre-credenciamento-para-sua-14a-edicao","status":"publish","type":"post","link":"https:\/\/tveventos.tv.br\/?p=4091","title":{"rendered":"Maior feira B2B de artigos para casa da Am\u00e9rica Latina abre credenciamento para sua 14\u00aa edi\u00e7\u00e3o"},"content":{"rendered":"\n<p class=\"has-text-align-center\"><em>A ABCasa Fair \u00e9 refer\u00eancia em neg\u00f3cios B2B no setor de casa e decora\u00e7\u00e3o da Am\u00e9rica Latina<\/em>.<\/p>\n\n\n\n<p>A Associa\u00e7\u00e3o Brasileira de Artigos para Casa, Decora\u00e7\u00e3o, Presentes, Utilidades Dom\u00e9sticas, Festas, Flores e T\u00eaxtil (ABCasa) deu in\u00edcio ao&nbsp;<a href=\"https:\/\/abcasafair.com.br\/\" target=\"_blank\" rel=\"noreferrer noopener\">credenciamento online<\/a>&nbsp;para a&nbsp;<strong>14\u00aa ABCasa Fair<\/strong>. A primeira edi\u00e7\u00e3o deste ano da maior feira de neg\u00f3cios B2B do segmento de artigos para casa da Am\u00e9rica Latina acontecer\u00e1 de 09 a 12 de fevereiro de 2025, no Expo Center Norte, na capital paulista.<\/p>\n\n\n\n<p>A pr\u00f3xima ABCasa Fair deve repetir o feito de 45 mil visitantes registrado na edi\u00e7\u00e3o anterior, em agosto passado, que reuniu mais de 370 expositores, representando 80% do mercado nacional. Abrangendo fabricantes, importadores, exportadores, distribuidores e artes\u00e3os de todo o Brasil, a feira re\u00fane os principais players nacionais e internacionais do mercado de artigos para casa, decora\u00e7\u00e3o, t\u00eaxtil, flores permanentes, utilidades dom\u00e9sticas, festas, papelaria e presentes criativos.&nbsp;<\/p>\n\n\n\n<p>&#8220;A ABCasa Fair tem se afirmado como um evento fundamental para quem busca as \u00faltimas tend\u00eancias no setor de artigos para casa. A cada edi\u00e7\u00e3o, trazemos n\u00e3o apenas novidades surpreendentes e funcionais, mas tamb\u00e9m uma oportunidade \u00fanica de conectar fabricantes nacionais e estrangeiros, importadores e varejistas para, cada vez mais, surpreenderem os consumidores \u00e1vidos por produtos que combinam inova\u00e7\u00e3o e qualidade&#8221;, afirma Eduardo Cincinato, presidente da ABCasa.<\/p>\n\n\n\n<p>Al\u00e9m de ser o cen\u00e1rio ideal para, em um s\u00f3 lugar, conhecer os lan\u00e7amentos do setor e fechar grandes neg\u00f3cios, a ABCasa Fair destaca-se tamb\u00e9m pela excel\u00eancia na organiza\u00e7\u00e3o e infraestrutura oferecida aos expositores e visitantes. \u201cCom mais de 75 mil metros quadrados dedicados a expositores e compradores, criamos um ambiente prop\u00edcio para networking e negocia\u00e7\u00f5es eficazes. Usamos recursos e ferramentas tecnol\u00f3gicos para garantir que cada participante tenha uma experi\u00eancia otimizada, visitando e interagindo com os times dos estandes e facilitando o fechamento de neg\u00f3cios. A combina\u00e7\u00e3o da nossa infraestrutura robusta com solu\u00e7\u00f5es tecnol\u00f3gicas avan\u00e7adas permite que os profissionais do setor identifiquem rapidamente as melhores oportunidades, maximizando seus resultados na feira&#8221;, enfatiza Anderson Passos, diretor executivo da ABCasa.<\/p>\n\n\n\n<p>A ABCasa Fair \u00e9 exclusiva para compradores com CNPJ ativo e profissionais do setor de&nbsp; artigos para casa. Os interessados j\u00e1 podem realizar o credenciamento online e garantir sua participa\u00e7\u00e3o. Para faz\u00ea-lo,&nbsp;<a href=\"https:\/\/www.mbxeventos.com\/AOL6ABCASA_21\/Home?_ga=2.243198667.830236677.1736358117-553698298.1736358117&amp;_gac=1.258487800.1736358117.Cj0KCQiA4fi7BhC5ARIsAEV1YiYnF4DGgZnahhk0U1AnD3MF-9j7TugI2M2n4_IOK5NBdL14kZDqsvQaAgTjEALw_wcB\" target=\"_blank\" rel=\"noreferrer noopener\">clique aqui<\/a>.<\/p>\n\n\n\n<p><strong>SERVI\u00c7O<\/strong><\/p>\n\n\n\n<p><strong>Evento:<\/strong>&nbsp;ABCasa Fair \u2013 Edi\u00e7\u00e3o Fevereiro de 2025<\/p>\n\n\n\n<p><strong>Local:<\/strong>&nbsp;Expo Center Norte<\/p>\n\n\n\n<p><strong>Endere\u00e7o:<\/strong>&nbsp;Rua Jos\u00e9 Bernardo Pinto, 333, Vila Guilherme, Zona Norte, S\u00e3o Paulo (SP)<\/p>\n\n\n\n<p><strong>Per\u00edodo:<\/strong>&nbsp;9 a 12 de fevereiro de 2025<\/p>\n\n\n\n<p><strong>Hor\u00e1rio:<\/strong>&nbsp;de 9 a 11 de fevereiro, das 10h \u00e0s 20h; e 12 de fevereiro, das 10h \u00e0s 17h (a abertura dos port\u00f5es acontece 1 hora antes do in\u00edcio do evento, \u00e0s 9h)<\/p>\n\n\n\n<p><strong>Link para credenciamento:&nbsp;<\/strong><a href=\"https:\/\/abcasafair.com.br\/\" target=\"_blank\" rel=\"noreferrer noopener\">https:\/\/abcasafair.com.br\/<\/a><\/p>\n\n\n\n<p><a href=\"https:\/\/abcasa.org.br\/\" target=\"_blank\" rel=\"noreferrer noopener\"><strong>Sobre a ABCasa<\/strong><\/a><\/p>\n\n\n\n<p>A ABCasa &#8211; Associa\u00e7\u00e3o Brasileira de Artigos para a Casa, Decora\u00e7\u00e3o, Presentes, Utilidades Dom\u00e9sticas, Festas, Flores e T\u00eaxtil &#8211; \u00e9 uma entidade sem fins lucrativos, que se constitui como a mais representativa do setor. Seu objetivo principal \u00e9 fortalecer o segmento e criar uma base de relacionamento entre empresas, entidades de classe, fornecedores, distribuidores, importadoras e profissionais. Com mais de 650 associados, a organiza\u00e7\u00e3o auxilia na matura\u00e7\u00e3o do mercado de artigos para a casa e celebra\u00e7\u00e3o, oferecendo conte\u00fados, estudos setoriais e organizando eventos importantes que geram excelentes oportunidades de neg\u00f3cios aos associados.<\/p>\n\n\n\n<p><br><a href=\"https:\/\/abcasafair.com.br\/\" target=\"_blank\" rel=\"noreferrer noopener\"><strong>Sobre ABCasa Fair<\/strong><\/a><\/p>\n\n\n\n<p>Organizada e realizada pela ABCasa \u2013 Associa\u00e7\u00e3o Brasileira de artigos para casa, decora\u00e7\u00e3o, presente criativos, papelaria, utilidades dom\u00e9sticas, festas, flores e t\u00eaxteis para o lar \u2013, a ABCasa Fair \u00e9 uma feira B2B (business-to-business) que congrega lideran\u00e7as de neg\u00f3cios do setor para alcan\u00e7ar o que h\u00e1 de melhor em artigos para casa, presentes e festas. O evento tem a miss\u00e3o de transformar o mercado de modo sustent\u00e1vel, competitivo e inovador.<\/p>\n","protected":false},"excerpt":{"rendered":"<p>A ABCasa Fair \u00e9 refer\u00eancia em neg\u00f3cios B2B no setor de casa e decora\u00e7\u00e3o da Am\u00e9rica Latina. A Associa\u00e7\u00e3o Brasileira de Artigos para Casa, Decora\u00e7\u00e3o, Presentes, Utilidades Dom\u00e9sticas, Festas, Flores e T\u00eaxtil (ABCasa) deu in\u00edcio ao&nbsp;credenciamento online&nbsp;para a&nbsp;14\u00aa ABCasa Fair. A primeira edi\u00e7\u00e3o deste ano da maior feira de neg\u00f3cios B2B do segmento de artigos [&hellip;]<\/p>\n","protected":false},"author":2,"featured_media":4092,"comment_status":"open","ping_status":"open","sticky":false,"template":"","format":"standard","meta":{"footnotes":""},"categories":[23],"tags":[],"class_list":{"0":"post-4091","1":"post","2":"type-post","3":"status-publish","4":"format-standard","5":"has-post-thumbnail","7":"category-feirasdenegocios"},"_links":{"self":[{"href":"https:\/\/tveventos.tv.br\/index.php?rest_route=\/wp\/v2\/posts\/4091","targetHints":{"allow":["GET"]}}],"collection":[{"href":"https:\/\/tveventos.tv.br\/index.php?rest_route=\/wp\/v2\/posts"}],"about":[{"href":"https:\/\/tveventos.tv.br\/index.php?rest_route=\/wp\/v2\/types\/post"}],"author":[{"embeddable":true,"href":"https:\/\/tveventos.tv.br\/index.php?rest_route=\/wp\/v2\/users\/2"}],"replies":[{"embeddable":true,"href":"https:\/\/tveventos.tv.br\/index.php?rest_route=%2Fwp%2Fv2%2Fcomments&post=4091"}],"version-history":[{"count":1,"href":"https:\/\/tveventos.tv.br\/index.php?rest_route=\/wp\/v2\/posts\/4091\/revisions"}],"predecessor-version":[{"id":4093,"href":"https:\/\/tveventos.tv.br\/index.php?rest_route=\/wp\/v2\/posts\/4091\/revisions\/4093"}],"wp:featuredmedia":[{"embeddable":true,"href":"https:\/\/tveventos.tv.br\/index.php?rest_route=\/wp\/v2\/media\/4092"}],"wp:attachment":[{"href":"https:\/\/tveventos.tv.br\/index.php?rest_route=%2Fwp%2Fv2%2Fmedia&parent=4091"}],"wp:term":[{"taxonomy":"category","embeddable":true,"href":"https:\/\/tveventos.tv.br\/index.php?rest_route=%2Fwp%2Fv2%2Fcategories&post=4091"},{"taxonomy":"post_tag","embeddable":true,"href":"https:\/\/tveventos.tv.br\/index.php?rest_route=%2Fwp%2Fv2%2Ftags&post=4091"}],"curies":[{"name":"wp","href":"https:\/\/api.w.org\/{rel}","templated":true}]}}