{"id":4094,"date":"2025-01-09T15:43:00","date_gmt":"2025-01-09T18:43:00","guid":{"rendered":"https:\/\/tveventos.tv.br\/?p=4094"},"modified":"2025-01-09T15:43:02","modified_gmt":"2025-01-09T18:43:02","slug":"expocentro-balneario-camboriu-fecha-2024-com-crescimento-40-em-relacao-ao-ano-passado","status":"publish","type":"post","link":"https:\/\/tveventos.tv.br\/?p=4094","title":{"rendered":"Expocentro Balne\u00e1rio Cambori\u00fa fecha 2024 com crescimento 40% em rela\u00e7\u00e3o ao ano passado"},"content":{"rendered":"\n<p id=\"viewer-m70rv340\">O Expocentro Balne\u00e1rio Cambori\u00fa J\u00falio Tedesco encerra 2024 celebrando um ano de sucesso. Com 91 eventos realizados, registrou um crescimento de 40% em rela\u00e7\u00e3o ao ano anterior, consolidando-se como um dos principais polos de eventos da regi\u00e3o Sul do Brasil. Ao todo, cerca de 200 mil pessoas passaram pelo local, movimentando a economia regional.<\/p>\n\n\n\n<p id=\"viewer-ajvjv167\">O portf\u00f3lio do Expocentro conta com 17 feiras de calend\u00e1rio que abrangem os mais diversos segmentos, como constru\u00e7\u00e3o civil, supermercadista, variedades e utilidades, cal\u00e7adista, moveleiro, ve\u00edculos, turismo, hoteleiro e insumos para vestu\u00e1rio. Essa diversidade refor\u00e7a o papel do espa\u00e7o como um hub estrat\u00e9gico para neg\u00f3cios e networking.<\/p>\n\n\n\n<p id=\"viewer-rc3nv169\"><strong>Proje\u00e7\u00e3o para 2025<\/strong><\/p>\n\n\n\n<p id=\"viewer-3hhep171\">Para o ano de 2025, o Expocentro projeta um aumento de 20% no n\u00famero de eventos, impulsionado principalmente pela crescente demanda por congressos t\u00e9cnico-cient\u00edficos. Entre os destaques j\u00e1 confirmados est\u00e3o duas edi\u00e7\u00f5es de torneios de poker, que devem atrair mais de 60 mil pessoas, al\u00e9m de novos congressos nacionais.<\/p>\n\n\n\n<p id=\"viewer-uk62j173\">O trabalho de capta\u00e7\u00e3o de eventos segue intenso, com a agenda aberta at\u00e9 2030. &#8220;Estamos focados em expandir as feiras de calend\u00e1rio e fortalecer o segmento t\u00e9cnico-cient\u00edfico, que tem apresentado um crescimento significativo. Nossa equipe de capta\u00e7\u00e3o tem viajado para apresentar o Expocentro, em novas regi\u00f5es&#8221;, destacou Djalma Berger, gestor do Expocentro.<\/p>\n\n\n\n<p id=\"viewer-nkhma175\"><strong>Atrativos que impulsionam a regi\u00e3o<\/strong>&nbsp;<\/p>\n\n\n\n<p id=\"viewer-i7n00178\">A localiza\u00e7\u00e3o estrat\u00e9gica e as atra\u00e7\u00f5es tur\u00edsticas de Balne\u00e1rio Cambori\u00fa s\u00e3o fatores diferenciais que t\u00eam consolidado a regi\u00e3o como um destino de neg\u00f3cios para eventos t\u00e9cnico-cient\u00edficos. Um exemplo foi a realiza\u00e7\u00e3o de um congresso m\u00e9dico em dezembro, per\u00edodo at\u00edpico para esse tipo de evento. \u201cA estrutura moderna do Expocentro tem conquistado os organizadores e possibilitado a amplia\u00e7\u00e3o do nosso portf\u00f3lio. Encerramos 2024 muito felizes e satisfeitos com os resultados e ainda termos conquistado dois jacar\u00e9s no Pr\u00eamio Caio, que \u00e9 considerado o \u2018Oscar dos Eventos\u2019, solidificando nossa posi\u00e7\u00e3o como um dos mais importantes espa\u00e7os para eventos do Brasil\u201d, comemora Berger.<\/p>\n\n\n\n<p id=\"viewer-5ztd2180\">Com proje\u00e7\u00f5es otimistas e uma estrutura que se destaca nacionalmente, o Expocentro Balne\u00e1rio Cambori\u00fa J\u00falio Tedesco reafirma seu compromisso em impulsionar o setor de eventos e contribuir para o desenvolvimento econ\u00f4mico da regi\u00e3o.<\/p>\n","protected":false},"excerpt":{"rendered":"<p>O Expocentro Balne\u00e1rio Cambori\u00fa J\u00falio Tedesco encerra 2024 celebrando um ano de sucesso. Com 91 eventos realizados, registrou um crescimento de 40% em rela\u00e7\u00e3o ao ano anterior, consolidando-se como um dos principais polos de eventos da regi\u00e3o Sul do Brasil. Ao todo, cerca de 200 mil pessoas passaram pelo local, movimentando a economia regional. O [&hellip;]<\/p>\n","protected":false},"author":2,"featured_media":4095,"comment_status":"open","ping_status":"open","sticky":false,"template":"","format":"standard","meta":{"footnotes":""},"categories":[23],"tags":[],"class_list":{"0":"post-4094","1":"post","2":"type-post","3":"status-publish","4":"format-standard","5":"has-post-thumbnail","7":"category-feirasdenegocios"},"_links":{"self":[{"href":"https:\/\/tveventos.tv.br\/index.php?rest_route=\/wp\/v2\/posts\/4094","targetHints":{"allow":["GET"]}}],"collection":[{"href":"https:\/\/tveventos.tv.br\/index.php?rest_route=\/wp\/v2\/posts"}],"about":[{"href":"https:\/\/tveventos.tv.br\/index.php?rest_route=\/wp\/v2\/types\/post"}],"author":[{"embeddable":true,"href":"https:\/\/tveventos.tv.br\/index.php?rest_route=\/wp\/v2\/users\/2"}],"replies":[{"embeddable":true,"href":"https:\/\/tveventos.tv.br\/index.php?rest_route=%2Fwp%2Fv2%2Fcomments&post=4094"}],"version-history":[{"count":1,"href":"https:\/\/tveventos.tv.br\/index.php?rest_route=\/wp\/v2\/posts\/4094\/revisions"}],"predecessor-version":[{"id":4096,"href":"https:\/\/tveventos.tv.br\/index.php?rest_route=\/wp\/v2\/posts\/4094\/revisions\/4096"}],"wp:featuredmedia":[{"embeddable":true,"href":"https:\/\/tveventos.tv.br\/index.php?rest_route=\/wp\/v2\/media\/4095"}],"wp:attachment":[{"href":"https:\/\/tveventos.tv.br\/index.php?rest_route=%2Fwp%2Fv2%2Fmedia&parent=4094"}],"wp:term":[{"taxonomy":"category","embeddable":true,"href":"https:\/\/tveventos.tv.br\/index.php?rest_route=%2Fwp%2Fv2%2Fcategories&post=4094"},{"taxonomy":"post_tag","embeddable":true,"href":"https:\/\/tveventos.tv.br\/index.php?rest_route=%2Fwp%2Fv2%2Ftags&post=4094"}],"curies":[{"name":"wp","href":"https:\/\/api.w.org\/{rel}","templated":true}]}}