{"id":4097,"date":"2025-01-13T16:38:36","date_gmt":"2025-01-13T19:38:36","guid":{"rendered":"https:\/\/tveventos.tv.br\/?p=4097"},"modified":"2025-01-13T16:38:38","modified_gmt":"2025-01-13T19:38:38","slug":"smart-summit-2025-traz-para-o-debate-as-tendencias-do-mercado-financeiro","status":"publish","type":"post","link":"https:\/\/tveventos.tv.br\/?p=4097","title":{"rendered":"Smart Summit 2025 traz para o debate as tend\u00eancias do mercado financeiro"},"content":{"rendered":"\n<p>Nos dias 13 e 14 de fevereiro de 2025, o Expo Mag recebe a 8\u00aa edi\u00e7\u00e3o do Smart Summit, a maior feira de investimentos e neg\u00f3cios do Rio de Janeiro.<\/p>\n\n\n\n<p>O evento \u00e9 apresentado pela InvestSmart XP e AZ Quest, e patrocinado, entre outros, pela Be.Smart, parceira comercial exclusiva da InvestSmart XP voltada para solu\u00e7\u00f5es financeiras.<\/p>\n\n\n\n<p>Al\u00e9m disso, deve contar com o patroc\u00ednio de mais de 100 empresas, e reunir mais de 10.000 participantes.<\/p>\n\n\n\n<p>O objetivo ser\u00e1 discutir as principais tend\u00eancias do mercado financeiro, al\u00e9m de criar oportunidades valiosas de conex\u00e3o e aprendizado.<\/p>\n\n\n\n<p>O Smart Summit 2025 contar\u00e1 com uma plen\u00e1ria principal, dois palcos alternativos e outras sete \u00e1reas de conte\u00fado, al\u00e9m de um espa\u00e7o liter\u00e1rio, localizado no stand da InvestSmart XP.<\/p>\n\n\n\n<p>E abordar\u00e1 temas como investimentos alternativos, inova\u00e7\u00e3o, tecnologia, startups, criptoativos, elei\u00e7\u00f5es, mercado de luxo, empreendedorismo e as diferentes estrat\u00e9gias de aloca\u00e7\u00e3o de acordo com a faixa et\u00e1ria dos investidores.<\/p>\n\n\n\n<p>Baseado no Rio de Janeiro, o evento tamb\u00e9m trar\u00e1 debates sobre grandes iniciativas da cidade, como a nova bolsa de valores do Rio de Janeiro, a \u201cBase Exchange\u201d, prevista para come\u00e7ar a operar no pr\u00f3ximo ano.<\/p>\n\n\n\n<p>\u201cO RJ \u00e9 uma pra\u00e7a consolidada no mercado financeiro e a chegada da bolsa potencializar\u00e1 isso, trar\u00e1 novas oportunidades de origina\u00e7\u00e3o e capta\u00e7\u00e3o para a cidade, e consecutivamente para o Brasil como um todo\u201d, afirma Samyr Castro, CEO da InvestSmart XP, apresentadora do evento.<\/p>\n\n\n\n<p>Na \u00faltima edi\u00e7\u00e3o, o evento reuniu mais de 7.000 participantes e contou com mais de 180 palestrantes, lideradas por grandes nomes, como:<\/p>\n\n\n\n<p>\u2013 Thiago Maffra, CEO da XP, Jo\u00e3o Pedro Nascimento, presidente da CVM, Silvia Belluzo, diretora de marketing para PMEs da Am\u00e9rica Latina do TikTok e Nath Finan\u00e7as, youtuber e influenciadora.<\/p>\n\n\n\n<p>A edi\u00e7\u00e3o de 2025 promete oferecer uma programa\u00e7\u00e3o ainda mais diversificada e trazer novas oportunidades de networking para todos os p\u00fablicos.<\/p>\n\n\n\n<p>Entre os confirmados de 2025, est\u00e3o:<\/p>\n\n\n\n<p>\u2013 Gilvan Bueno, especialista em finan\u00e7as e comentarista econ\u00f4mico da CNN Money;<\/p>\n\n\n\n<p>\u2013 Carlos Ferreirinha, fundador da MCF Consultoria e ex-presidente Louis Vuitton Brasil.<\/p>\n\n\n\n<p><strong>SERVI\u00c7O:<\/strong><\/p>\n\n\n\n<p>Dias: 13 e 14 de fevereiro<\/p>\n\n\n\n<p>Hor\u00e1rio: 10h as 20h<\/p>\n\n\n\n<p>Local: Expo Mag<\/p>\n\n\n\n<p>Endere\u00e7o: R. Beatriz Larragoiti Lucas Cidade Nova Centro \u2013 Rio de Janeiro<\/p>\n\n\n\n<p>Ingressos:&nbsp;<a href=\"https:\/\/www.sympla.com.br\/evento\/smart-summit-2025\/2431164?referrer=smartsummit.com.br\" target=\"_blank\" rel=\"noreferrer noopener\">https:\/\/www.sympla.com.br\/evento\/smart-summit-2025\/2431164?referrer=smartsummit.com.br<\/a><\/p>\n","protected":false},"excerpt":{"rendered":"<p>Nos dias 13 e 14 de fevereiro de 2025, o Expo Mag recebe a 8\u00aa edi\u00e7\u00e3o do Smart Summit, a maior feira de investimentos e neg\u00f3cios do Rio de Janeiro. O evento \u00e9 apresentado pela InvestSmart XP e AZ Quest, e patrocinado, entre outros, pela Be.Smart, parceira comercial exclusiva da InvestSmart XP voltada para solu\u00e7\u00f5es [&hellip;]<\/p>\n","protected":false},"author":2,"featured_media":4098,"comment_status":"open","ping_status":"open","sticky":false,"template":"","format":"standard","meta":{"footnotes":""},"categories":[23],"tags":[],"class_list":{"0":"post-4097","1":"post","2":"type-post","3":"status-publish","4":"format-standard","5":"has-post-thumbnail","7":"category-feirasdenegocios"},"_links":{"self":[{"href":"https:\/\/tveventos.tv.br\/index.php?rest_route=\/wp\/v2\/posts\/4097","targetHints":{"allow":["GET"]}}],"collection":[{"href":"https:\/\/tveventos.tv.br\/index.php?rest_route=\/wp\/v2\/posts"}],"about":[{"href":"https:\/\/tveventos.tv.br\/index.php?rest_route=\/wp\/v2\/types\/post"}],"author":[{"embeddable":true,"href":"https:\/\/tveventos.tv.br\/index.php?rest_route=\/wp\/v2\/users\/2"}],"replies":[{"embeddable":true,"href":"https:\/\/tveventos.tv.br\/index.php?rest_route=%2Fwp%2Fv2%2Fcomments&post=4097"}],"version-history":[{"count":1,"href":"https:\/\/tveventos.tv.br\/index.php?rest_route=\/wp\/v2\/posts\/4097\/revisions"}],"predecessor-version":[{"id":4099,"href":"https:\/\/tveventos.tv.br\/index.php?rest_route=\/wp\/v2\/posts\/4097\/revisions\/4099"}],"wp:featuredmedia":[{"embeddable":true,"href":"https:\/\/tveventos.tv.br\/index.php?rest_route=\/wp\/v2\/media\/4098"}],"wp:attachment":[{"href":"https:\/\/tveventos.tv.br\/index.php?rest_route=%2Fwp%2Fv2%2Fmedia&parent=4097"}],"wp:term":[{"taxonomy":"category","embeddable":true,"href":"https:\/\/tveventos.tv.br\/index.php?rest_route=%2Fwp%2Fv2%2Fcategories&post=4097"},{"taxonomy":"post_tag","embeddable":true,"href":"https:\/\/tveventos.tv.br\/index.php?rest_route=%2Fwp%2Fv2%2Ftags&post=4097"}],"curies":[{"name":"wp","href":"https:\/\/api.w.org\/{rel}","templated":true}]}}