{"id":4100,"date":"2025-01-13T16:44:49","date_gmt":"2025-01-13T19:44:49","guid":{"rendered":"https:\/\/tveventos.tv.br\/?p=4100"},"modified":"2025-01-13T16:44:51","modified_gmt":"2025-01-13T19:44:51","slug":"tattoo-week-rio-2025-traz-cursos-gratuitos-de-tatuagem-e-piercing-para-jovens-de-comunidades","status":"publish","type":"post","link":"https:\/\/tveventos.tv.br\/?p=4100","title":{"rendered":"Tattoo Week Rio 2025 traz cursos gratuitos de tatuagem e piercing para jovens de comunidades"},"content":{"rendered":"\n<p>Maior evento do g\u00eanero no mundo, a Tattoo Week tem como o foco este ano ressaltar a tatuagem como agente de transforma\u00e7\u00e3o social.<\/p>\n\n\n\n<p>E \u00e9 com este prop\u00f3sito que a 12\u00aa edi\u00e7\u00e3o carioca, que acontece nos dias 24, 25 e 26 de janeiro (sexta a domingo), no Expo Mag, oferecer\u00e1 cursos profissionalizantes gratuitos de tatuagem e piercing para jovens de favelas do Rio.<\/p>\n\n\n\n<p>Mas os interessados devem se inscrever j\u00e1 para as 50 vagas do curso de tatuagem e 150 vagas para piercing.<\/p>\n\n\n\n<p>\u201cO objetivo dos cursos de tattoo e de piercing \u00e9 basicamente oferecer oportunidade de renda e emprego para que os jovens possam ajudar suas fam\u00edlias, afastando-os da criminalidade\u201d, destaca Esther Gawendo, diretora executiva do festival.<\/p>\n\n\n\n<p>\u201cTemos um dado interessante: a maioria dos formandos acaba se tornando um empreendedor e cria pequenos est\u00fadios em suas pr\u00f3prias comunidades\u201d, completa.<\/p>\n\n\n\n<p>Os cursos acontecem na semana da Tattoo Week e ser\u00e3o ministrados por profissionais renomados na \u00e1rea.<\/p>\n\n\n\n<p>\u201c\u00c9 inovador fazer algo social ligado a tatuagem. Na favela tamb\u00e9m tem tatuagem, esse mundo tamb\u00e9m \u00e9 das favelas\u201d, diz Thiago Firmino, lideran\u00e7a da favela Santa Marta e guia de turismo local.<\/p>\n\n\n\n<p>\u201cOs cursos s\u00e3o uma oportunidade de aprender e se qualificar com os melhores. Tem gente que n\u00e3o sabia nada e hoje j\u00e1 est\u00e1 trabalhando\u201d, acrescenta.<\/p>\n\n\n\n<p>Um exemplo disso \u00e9 o jovem Lucas Rafael, que fez a primeira edi\u00e7\u00e3o do curso no festival de 2024. \u201cFoi um divisor de \u00e1guas na minha vida\u201d, comemora.<\/p>\n\n\n\n<p>Com apoio da fam\u00edlia, ele come\u00e7ou a fazer seus primeiros trabalhos e chega a cobrar at\u00e9 R$ 550 por um trabalho.<\/p>\n\n\n\n<p>Para Thiago, todos ganham com uma a\u00e7\u00e3o como esta. Ganham os jovens das comunidades que aprendem um novo of\u00edcio e fortalecem a autoestima.<\/p>\n\n\n\n<p>\u201cE ganham os profissionais que d\u00e3o as aulas porque eles tamb\u00e9m aprendem com essa troca, e ganha o p\u00fablico por estar apoiando um evento com uma preocupa\u00e7\u00e3o social\u201d, acredita Firmino.<\/p>\n\n\n\n<p>Al\u00e9m de aulas pr\u00e1ticas, tamb\u00e9m ser\u00e3o abordados temas como no\u00e7\u00f5es de biosseguran\u00e7a nos procedimentos, marketing e desenho.<\/p>\n\n\n\n<p>Ao todo, ser\u00e3o 50 vagas para o curso de tatuagem e 150 para o de piercing. N\u00e3o \u00e9 preciso ter experi\u00eancia pr\u00e9via para participar. Basta ser maior de 18 anos e morador de alguma favela do Rio.<\/p>\n\n\n\n<p>As inscri\u00e7\u00f5es podem ser feitas pelo link&nbsp;<a href=\"https:\/\/forms.gle\/xwG5rWa6gDhzMHJo7\" target=\"_blank\" rel=\"noreferrer noopener\">https:\/\/forms.gle\/xwG5rWa6gDhzMHJo7<\/a>&nbsp; (para piercing) e&nbsp;<a href=\"https:\/\/forms.gle\/FkjvQfy6rRZZ3TDW6\" target=\"_blank\" rel=\"noreferrer noopener\">https:\/\/forms.gle\/FkjvQfy6rRZZ3TDW6<\/a>&nbsp; (para tatuagem).<\/p>\n\n\n\n<p><strong>SERVI\u00c7O:<\/strong><\/p>\n\n\n\n<p>Data: 24 a 26 de janeiro de 2025<\/p>\n\n\n\n<p>Local: Espa\u00e7o Mag<\/p>\n\n\n\n<p>Data: Rua Beatriz Larragoiti Lucas s\/n- Cidade Nova, Centro- Rio (pr\u00f3ximo das esta\u00e7\u00f5es do metr\u00f4 Est\u00e1cio e Cidade Nova)<\/p>\n\n\n\n<p>Hor\u00e1rio: 12h \u00e0s 22h Entrada Gratuita na sexta-feira, dia 24 de janeiro, com a doa\u00e7\u00e3o de dois quilos de alimento n\u00e3o perec\u00edvel<\/p>\n\n\n\n<p>S\u00e1bado e domingo: Ingressos a partir de R$ 25<\/p>\n\n\n\n<p>Para maiores informa\u00e7\u00f5es e inscri\u00e7\u00f5es, acesse:&nbsp;<a href=\"https:\/\/linktr.ee\/atattooweek\" target=\"_blank\" rel=\"noreferrer noopener\">https:\/\/linktr.ee\/atattooweek<\/a>&nbsp;&nbsp;&nbsp;<\/p>\n","protected":false},"excerpt":{"rendered":"<p>Maior evento do g\u00eanero no mundo, a Tattoo Week tem como o foco este ano ressaltar a tatuagem como agente de transforma\u00e7\u00e3o social. E \u00e9 com este prop\u00f3sito que a 12\u00aa edi\u00e7\u00e3o carioca, que acontece nos dias 24, 25 e 26 de janeiro (sexta a domingo), no Expo Mag, oferecer\u00e1 cursos profissionalizantes gratuitos de tatuagem [&hellip;]<\/p>\n","protected":false},"author":2,"featured_media":4101,"comment_status":"open","ping_status":"open","sticky":false,"template":"","format":"standard","meta":{"footnotes":""},"categories":[23],"tags":[],"class_list":{"0":"post-4100","1":"post","2":"type-post","3":"status-publish","4":"format-standard","5":"has-post-thumbnail","7":"category-feirasdenegocios"},"_links":{"self":[{"href":"https:\/\/tveventos.tv.br\/index.php?rest_route=\/wp\/v2\/posts\/4100","targetHints":{"allow":["GET"]}}],"collection":[{"href":"https:\/\/tveventos.tv.br\/index.php?rest_route=\/wp\/v2\/posts"}],"about":[{"href":"https:\/\/tveventos.tv.br\/index.php?rest_route=\/wp\/v2\/types\/post"}],"author":[{"embeddable":true,"href":"https:\/\/tveventos.tv.br\/index.php?rest_route=\/wp\/v2\/users\/2"}],"replies":[{"embeddable":true,"href":"https:\/\/tveventos.tv.br\/index.php?rest_route=%2Fwp%2Fv2%2Fcomments&post=4100"}],"version-history":[{"count":1,"href":"https:\/\/tveventos.tv.br\/index.php?rest_route=\/wp\/v2\/posts\/4100\/revisions"}],"predecessor-version":[{"id":4102,"href":"https:\/\/tveventos.tv.br\/index.php?rest_route=\/wp\/v2\/posts\/4100\/revisions\/4102"}],"wp:featuredmedia":[{"embeddable":true,"href":"https:\/\/tveventos.tv.br\/index.php?rest_route=\/wp\/v2\/media\/4101"}],"wp:attachment":[{"href":"https:\/\/tveventos.tv.br\/index.php?rest_route=%2Fwp%2Fv2%2Fmedia&parent=4100"}],"wp:term":[{"taxonomy":"category","embeddable":true,"href":"https:\/\/tveventos.tv.br\/index.php?rest_route=%2Fwp%2Fv2%2Fcategories&post=4100"},{"taxonomy":"post_tag","embeddable":true,"href":"https:\/\/tveventos.tv.br\/index.php?rest_route=%2Fwp%2Fv2%2Ftags&post=4100"}],"curies":[{"name":"wp","href":"https:\/\/api.w.org\/{rel}","templated":true}]}}