{"id":4103,"date":"2025-01-15T16:15:55","date_gmt":"2025-01-15T19:15:55","guid":{"rendered":"https:\/\/tveventos.tv.br\/?p=4103"},"modified":"2025-01-15T16:15:57","modified_gmt":"2025-01-15T19:15:57","slug":"ciosp-2025-traz-ampla-programacao-de-debates-do-conselho-federal-de-odontologia","status":"publish","type":"post","link":"https:\/\/tveventos.tv.br\/?p=4103","title":{"rendered":"CIOSP 2025 traz ampla programa\u00e7\u00e3o de debates do Conselho Federal de Odontologia"},"content":{"rendered":"\n<p>O Conselho Federal de Odontologia estar\u00e1 presente na 42\u00aa edi\u00e7\u00e3o do CIOSP (Congresso Internacional de Odontologia de S\u00e3o Paulo) com uma ampla programa\u00e7\u00e3o de debates e palestras.<\/p>\n\n\n\n<p>O evento, que no \u00faltimo ano recebeu mais de 100 mil visitantes, \u00e9 considerado o maior congresso odontol\u00f3gico do mundo.<\/p>\n\n\n\n<p>Ele \u00e9 promovido pela Associa\u00e7\u00e3o Paulista de Cirurgi\u00f5es-Dentistas (APCD) e conta com o apoio do CFO, al\u00e9m de outras entidades representativas da Odontologia no Brasil.<\/p>\n\n\n\n<p>\u201cDurante os quatro dias de evento, temos a oportunidade de promover debates de alto n\u00edvel sobre os temas mais atuais para o setor odontol\u00f3gico\u201d, pontua Claudio Miyake, presidente do CFO.<\/p>\n\n\n\n<p>O CIOSP 2025 ocorrer entre os dias 22 e 25 de janeiro, no&nbsp;Expo Center Norte, em S\u00e3o Paulo. O CFO estar\u00e1 presente no evento com um estande de mais de 800 metros quadrados.<\/p>\n\n\n\n<p>O espa\u00e7o estar\u00e1 equipado com recursos tecnol\u00f3gicos como totens eletr\u00f4nicos e computadores para atendimento aos participantes do Congresso.<\/p>\n\n\n\n<p>Entre os servi\u00e7os a serem oferecidos est\u00e3o, por exemplo, o cadastramento do CFO-ID, atualiza\u00e7\u00e3o cadastral, acesso a boletos e documentos, entre outros.<\/p>\n\n\n\n<p>O estande tamb\u00e9m contar\u00e1 com est\u00fadio para realiza\u00e7\u00e3o do podcast do CFO Esclarece, um programa desenvolvido pelo Conselho com objetivo de tirar d\u00favidas dos inscritos sobre os mais diversos temas que envolvem o exerc\u00edcio da Odontologia.<\/p>\n\n\n\n<p>O espa\u00e7o tamb\u00e9m dever\u00e1 receber reuni\u00f5es de autoridades de todo pa\u00eds e de grupos de trabalhos tem\u00e1ticos, al\u00e9m dos pr\u00f3prios congressistas que poder\u00e3o usar a \u00e1rea de conviv\u00eancia do estande para networking. &nbsp;<\/p>\n\n\n\n<p><strong>ARENA CFO<\/strong><\/p>\n\n\n\n<p>A Arena CFO, montada dentro do estande do Conselho no CIOSP, ter\u00e1 ampla programa\u00e7\u00e3o de palestras e debates. Ser\u00e3o abordados temas como:<\/p>\n\n\n\n<p>\u2013 O Receita Sa\u00fade, Harmoniza\u00e7\u00e3o Orofacial, Internacionaliza\u00e7\u00e3o da Odontologia, combate \u00e0 desinforma\u00e7\u00e3o, humaniza\u00e7\u00e3o do atendimento odontol\u00f3gico, avan\u00e7os tecnol\u00f3gicos, entre outros.<\/p>\n\n\n\n<p>A abertura oficial da Arena ocorrer\u00e1 no dia 22 de janeiro, com uma apresenta\u00e7\u00e3o do presidente do CFO, Claudio Miyake.<\/p>\n\n\n\n<p>Ele dar\u00e1 as boas-vindas ao p\u00fablico presente e tra\u00e7ar\u00e1 um panorama geral sobre a Odontologia no Brasil.&nbsp;<\/p>\n\n\n\n<p><\/p>\n","protected":false},"excerpt":{"rendered":"<p>O Conselho Federal de Odontologia estar\u00e1 presente na 42\u00aa edi\u00e7\u00e3o do CIOSP (Congresso Internacional de Odontologia de S\u00e3o Paulo) com uma ampla programa\u00e7\u00e3o de debates e palestras. O evento, que no \u00faltimo ano recebeu mais de 100 mil visitantes, \u00e9 considerado o maior congresso odontol\u00f3gico do mundo. Ele \u00e9 promovido pela Associa\u00e7\u00e3o Paulista de Cirurgi\u00f5es-Dentistas [&hellip;]<\/p>\n","protected":false},"author":2,"featured_media":4104,"comment_status":"open","ping_status":"open","sticky":false,"template":"","format":"standard","meta":{"footnotes":""},"categories":[23],"tags":[],"class_list":{"0":"post-4103","1":"post","2":"type-post","3":"status-publish","4":"format-standard","5":"has-post-thumbnail","7":"category-feirasdenegocios"},"_links":{"self":[{"href":"https:\/\/tveventos.tv.br\/index.php?rest_route=\/wp\/v2\/posts\/4103","targetHints":{"allow":["GET"]}}],"collection":[{"href":"https:\/\/tveventos.tv.br\/index.php?rest_route=\/wp\/v2\/posts"}],"about":[{"href":"https:\/\/tveventos.tv.br\/index.php?rest_route=\/wp\/v2\/types\/post"}],"author":[{"embeddable":true,"href":"https:\/\/tveventos.tv.br\/index.php?rest_route=\/wp\/v2\/users\/2"}],"replies":[{"embeddable":true,"href":"https:\/\/tveventos.tv.br\/index.php?rest_route=%2Fwp%2Fv2%2Fcomments&post=4103"}],"version-history":[{"count":1,"href":"https:\/\/tveventos.tv.br\/index.php?rest_route=\/wp\/v2\/posts\/4103\/revisions"}],"predecessor-version":[{"id":4105,"href":"https:\/\/tveventos.tv.br\/index.php?rest_route=\/wp\/v2\/posts\/4103\/revisions\/4105"}],"wp:featuredmedia":[{"embeddable":true,"href":"https:\/\/tveventos.tv.br\/index.php?rest_route=\/wp\/v2\/media\/4104"}],"wp:attachment":[{"href":"https:\/\/tveventos.tv.br\/index.php?rest_route=%2Fwp%2Fv2%2Fmedia&parent=4103"}],"wp:term":[{"taxonomy":"category","embeddable":true,"href":"https:\/\/tveventos.tv.br\/index.php?rest_route=%2Fwp%2Fv2%2Fcategories&post=4103"},{"taxonomy":"post_tag","embeddable":true,"href":"https:\/\/tveventos.tv.br\/index.php?rest_route=%2Fwp%2Fv2%2Ftags&post=4103"}],"curies":[{"name":"wp","href":"https:\/\/api.w.org\/{rel}","templated":true}]}}