{"id":4106,"date":"2025-01-15T16:19:30","date_gmt":"2025-01-15T19:19:30","guid":{"rendered":"https:\/\/tveventos.tv.br\/?p=4106"},"modified":"2025-01-15T16:19:31","modified_gmt":"2025-01-15T19:19:31","slug":"abcasa-fair-abre-credenciamento-para-sua-edicao-de-fevereiro-de-2025","status":"publish","type":"post","link":"https:\/\/tveventos.tv.br\/?p=4106","title":{"rendered":"ABCasa Fair abre credenciamento para sua edi\u00e7\u00e3o de fevereiro de 2025"},"content":{"rendered":"\n<p>A Associa\u00e7\u00e3o Brasileira de Artigos para Casa, Decora\u00e7\u00e3o, Presentes, Utilidades Dom\u00e9sticas, Festas, Flores e T\u00eaxtil (ABCasa) deu in\u00edcio ao credenciamento online para a 14\u00aa ABCasa Fair.<\/p>\n\n\n\n<p>A primeira edi\u00e7\u00e3o deste ano da maior feira de neg\u00f3cios B2B do segmento de artigos para casa da Am\u00e9rica Latina acontecer\u00e1 de 09 a 12 de fevereiro de 2025, no Expo Center Norte.<\/p>\n\n\n\n<p>A pr\u00f3xima ABCasa Fair deve repetir o feito de 45 mil visitantes registrado na edi\u00e7\u00e3o anterior, em agosto passado, que reuniu mais de 370 expositores, representando 80% do mercado nacional.<\/p>\n\n\n\n<p>Abrangendo fabricantes, importadores, exportadores, distribuidores e artes\u00e3os de todo o Brasil, a feira re\u00fane:<\/p>\n\n\n\n<p>\u2013 Os principais players nacionais e internacionais do mercado de artigos para casa, decora\u00e7\u00e3o, t\u00eaxtil, flores permanentes, utilidades dom\u00e9sticas, festas, papelaria e presentes criativos.<\/p>\n\n\n\n<p>\u201cA ABCasa Fair tem se afirmado como um evento fundamental para quem busca as \u00faltimas tend\u00eancias no setor de artigos para casa\u201d, afirma Eduardo Cincinato, presidente da ABCasa.<\/p>\n\n\n\n<p>\u201cA cada edi\u00e7\u00e3o, trazemos n\u00e3o apenas novidades surpreendentes e funcionais, mas tamb\u00e9m uma oportunidade \u00fanica de conectar fabricantes nacionais e estrangeiros, importadores e varejistas para, cada vez mais, surpreenderem os consumidores \u00e1vidos por produtos que combinam inova\u00e7\u00e3o e qualidade\u201d, completa.<\/p>\n\n\n\n<p>Al\u00e9m de ser o cen\u00e1rio ideal para, em um s\u00f3 lugar, conhecer os lan\u00e7amentos do setor e fechar grandes neg\u00f3cios, a ABCasa Fair destaca-se tamb\u00e9m pela excel\u00eancia na organiza\u00e7\u00e3o e infraestrutura oferecida aos expositores e visitantes.<\/p>\n\n\n\n<p>S\u00e3o mais de 75 mil metros quadrados dedicados a expositores e compradores, criando um ambiente prop\u00edcio para networking e negocia\u00e7\u00f5es eficazes.<\/p>\n\n\n\n<p>\u201cUsamos recursos e ferramentas tecnol\u00f3gicos para garantir que cada participante tenha uma experi\u00eancia otimizada, visitando e interagindo com os times dos estandes e facilitando o fechamento de neg\u00f3cios\u201d, enfatiza Anderson Passos, diretor executivo da ABCasa. &nbsp;<\/p>\n\n\n\n<p>\u201cA combina\u00e7\u00e3o da nossa infraestrutura robusta com solu\u00e7\u00f5es tecnol\u00f3gicas avan\u00e7adas permite que os profissionais do setor identifiquem rapidamente as melhores oportunidades, maximizando seus resultados na feira\u201d, completa.<\/p>\n\n\n\n<p>A ABCasa Fair \u00e9 exclusiva para compradores com CNPJ ativo e profissionais do setor de artigos para casa. Os interessados j\u00e1 podem realizar o credenciamento online no site oficial.<\/p>\n\n\n\n<p><strong>SERVI\u00c7O<\/strong><\/p>\n\n\n\n<p>Local: Expo Center Norte<\/p>\n\n\n\n<p>Endere\u00e7o: Rua Jos\u00e9 Bernardo Pinto, 333, Vila Guilherme, Zona Norte, S\u00e3o Paulo (SP)<\/p>\n\n\n\n<p>Data: 9 a 12 de fevereiro de 2025<\/p>\n\n\n\n<p>Hor\u00e1rio: de 9 a 11 de fevereiro, das 10h \u00e0s 20h; e 12 de fevereiro, das 10h \u00e0s 17h (a abertura dos port\u00f5es acontece 1 hora antes do in\u00edcio do evento, \u00e0s 9h)<\/p>\n\n\n\n<p>Link para credenciamento:&nbsp;<a href=\"https:\/\/abcasafair.com.br\/\" target=\"_blank\" rel=\"noreferrer noopener\">https:\/\/abcasafair.com.br\/<\/a><\/p>\n","protected":false},"excerpt":{"rendered":"<p>A Associa\u00e7\u00e3o Brasileira de Artigos para Casa, Decora\u00e7\u00e3o, Presentes, Utilidades Dom\u00e9sticas, Festas, Flores e T\u00eaxtil (ABCasa) deu in\u00edcio ao credenciamento online para a 14\u00aa ABCasa Fair. A primeira edi\u00e7\u00e3o deste ano da maior feira de neg\u00f3cios B2B do segmento de artigos para casa da Am\u00e9rica Latina acontecer\u00e1 de 09 a 12 de fevereiro de 2025, [&hellip;]<\/p>\n","protected":false},"author":2,"featured_media":4107,"comment_status":"open","ping_status":"open","sticky":false,"template":"","format":"standard","meta":{"footnotes":""},"categories":[23],"tags":[],"class_list":{"0":"post-4106","1":"post","2":"type-post","3":"status-publish","4":"format-standard","5":"has-post-thumbnail","7":"category-feirasdenegocios"},"_links":{"self":[{"href":"https:\/\/tveventos.tv.br\/index.php?rest_route=\/wp\/v2\/posts\/4106","targetHints":{"allow":["GET"]}}],"collection":[{"href":"https:\/\/tveventos.tv.br\/index.php?rest_route=\/wp\/v2\/posts"}],"about":[{"href":"https:\/\/tveventos.tv.br\/index.php?rest_route=\/wp\/v2\/types\/post"}],"author":[{"embeddable":true,"href":"https:\/\/tveventos.tv.br\/index.php?rest_route=\/wp\/v2\/users\/2"}],"replies":[{"embeddable":true,"href":"https:\/\/tveventos.tv.br\/index.php?rest_route=%2Fwp%2Fv2%2Fcomments&post=4106"}],"version-history":[{"count":1,"href":"https:\/\/tveventos.tv.br\/index.php?rest_route=\/wp\/v2\/posts\/4106\/revisions"}],"predecessor-version":[{"id":4108,"href":"https:\/\/tveventos.tv.br\/index.php?rest_route=\/wp\/v2\/posts\/4106\/revisions\/4108"}],"wp:featuredmedia":[{"embeddable":true,"href":"https:\/\/tveventos.tv.br\/index.php?rest_route=\/wp\/v2\/media\/4107"}],"wp:attachment":[{"href":"https:\/\/tveventos.tv.br\/index.php?rest_route=%2Fwp%2Fv2%2Fmedia&parent=4106"}],"wp:term":[{"taxonomy":"category","embeddable":true,"href":"https:\/\/tveventos.tv.br\/index.php?rest_route=%2Fwp%2Fv2%2Fcategories&post=4106"},{"taxonomy":"post_tag","embeddable":true,"href":"https:\/\/tveventos.tv.br\/index.php?rest_route=%2Fwp%2Fv2%2Ftags&post=4106"}],"curies":[{"name":"wp","href":"https:\/\/api.w.org\/{rel}","templated":true}]}}