{"id":4112,"date":"2025-01-20T14:10:41","date_gmt":"2025-01-20T17:10:41","guid":{"rendered":"https:\/\/tveventos.tv.br\/?p=4112"},"modified":"2025-01-20T14:10:43","modified_gmt":"2025-01-20T17:10:43","slug":"automec-abre-hoje-o-seu-credenciamento-online-para-edicao-2025","status":"publish","type":"post","link":"https:\/\/tveventos.tv.br\/?p=4112","title":{"rendered":"Automec abre hoje o seu credenciamento online para edi\u00e7\u00e3o 2025"},"content":{"rendered":"\n<p>Ser\u00e1 aberto nesta segunda-feira, dia 20 de janeiro, o credenciamento de visitantes para 16\u00aa edi\u00e7\u00e3o da Automec, agendada para 22 a 26 de abril, no S\u00e3o Paulo Expo.<\/p>\n\n\n\n<p>A maior feira para o mercado de repara\u00e7\u00e3o e reposi\u00e7\u00e3o automotiva da Am\u00e9rica Latina vai contar com a presen\u00e7a de mais de 1500 marcas expositoras.<\/p>\n\n\n\n<p>Destaque para a presen\u00e7a de mais de 700 marcas internacionais de pa\u00edses como Turquia, Argentina, \u00cdndia, China, Coreia, Jap\u00e3o, EUA, Alemanha, Holanda, Pol\u00f4nia, entre outros.<\/p>\n\n\n\n<p>Para se cadastrar, os interessados devem clicar no&nbsp;<a href=\"https:\/\/www.automecfeira.com.br\/\" target=\"_blank\" rel=\"noreferrer noopener\">link<\/a>, acessar o site da Automec e preencher as informa\u00e7\u00f5es solicitadas.<\/p>\n\n\n\n<p>A credencial permite a entrada durante os cinco dias para conferir as novidades e lan\u00e7amentos para reposi\u00e7\u00e3o, manuten\u00e7\u00e3o, repara\u00e7\u00e3o, acess\u00f3rios e equipamentos automotivos para todos os tipos de ve\u00edculos e ainda para todas as demais atra\u00e7\u00f5es.<\/p>\n\n\n\n<p>A novidade para 2025 \u00e9 que o credenciamento at\u00e9 dia 19 de abril ser\u00e1 gratuito. De 20 a 26 de abril ser\u00e1 cobrado ingresso. Portanto, \u00e9 importante ficar atento para a antecipa\u00e7\u00e3o do cadastro.&nbsp;&nbsp;<\/p>\n\n\n\n<p>Com a credencial, os visitantes podem acessar a Arena de Conte\u00fado, espa\u00e7o dentro dos pavilh\u00f5es dedicado a palestras e workshops.<\/p>\n\n\n\n<p>Em cada um dos cinco dias de evento, a grade ter\u00e1 uma programa\u00e7\u00e3o especial com pain\u00e9is voltados para as novas tecnologias presentes no mercado, eletrifica\u00e7\u00e3o veicular, sustentabilidade, produtividade na oficina e desenvolvimento profissional.<\/p>\n\n\n\n<p>Destaque para a in\u00e9dita Universidade Automec que ter\u00e1 cursos e treinamentos com certifica\u00e7\u00f5es fornecidas pelo SENAI, IQA \u2013 Instituto da Qualidade Automotiva, e por empresas participantes.<\/p>\n\n\n\n<p>Tamb\u00e9m com foco na forma\u00e7\u00e3o e qualifica\u00e7\u00e3o, a atividade dar\u00e1 aos visitantes a oportunidade de aprender mais, por exemplo, sobre sistemas de dire\u00e7\u00e3o assistidas, que v\u00e3o moldar o futuro do transporte, e manuten\u00e7\u00e3o das oficinas.<\/p>\n\n\n\n<p>Ap\u00f3s a conclus\u00e3o, os participantes receber\u00e3o um certificado endossado pela Universidade Automec e seus parceiros.<\/p>\n\n\n\n<p>\u201cNosso objetivo com a edi\u00e7\u00e3o 2025 \u00e9 proporcionar uma experi\u00eancia completa para os profissionais do setor, com acesso \u00e0s inova\u00e7\u00f5es que est\u00e3o transformando o mercado e a oportunidade de se qualificarem ainda mais\u201d, afirma Eduardo Marchetti, gerente da Automec.<\/p>\n\n\n\n<p>Realizada a cada dois anos pela RX, a Automec tem o apoio das principais associa\u00e7\u00f5es do setor:&nbsp; Sindipe\u00e7as, Abipe\u00e7as, Alian\u00e7a, Andap, Anfape, Asdap, Conarem, Sicap, Sincope\u00e7as e Sindirepa.<\/p>\n","protected":false},"excerpt":{"rendered":"<p>Ser\u00e1 aberto nesta segunda-feira, dia 20 de janeiro, o credenciamento de visitantes para 16\u00aa edi\u00e7\u00e3o da Automec, agendada para 22 a 26 de abril, no S\u00e3o Paulo Expo. A maior feira para o mercado de repara\u00e7\u00e3o e reposi\u00e7\u00e3o automotiva da Am\u00e9rica Latina vai contar com a presen\u00e7a de mais de 1500 marcas expositoras. Destaque para [&hellip;]<\/p>\n","protected":false},"author":2,"featured_media":4113,"comment_status":"open","ping_status":"open","sticky":false,"template":"","format":"standard","meta":{"footnotes":""},"categories":[23],"tags":[],"class_list":{"0":"post-4112","1":"post","2":"type-post","3":"status-publish","4":"format-standard","5":"has-post-thumbnail","7":"category-feirasdenegocios"},"_links":{"self":[{"href":"https:\/\/tveventos.tv.br\/index.php?rest_route=\/wp\/v2\/posts\/4112","targetHints":{"allow":["GET"]}}],"collection":[{"href":"https:\/\/tveventos.tv.br\/index.php?rest_route=\/wp\/v2\/posts"}],"about":[{"href":"https:\/\/tveventos.tv.br\/index.php?rest_route=\/wp\/v2\/types\/post"}],"author":[{"embeddable":true,"href":"https:\/\/tveventos.tv.br\/index.php?rest_route=\/wp\/v2\/users\/2"}],"replies":[{"embeddable":true,"href":"https:\/\/tveventos.tv.br\/index.php?rest_route=%2Fwp%2Fv2%2Fcomments&post=4112"}],"version-history":[{"count":1,"href":"https:\/\/tveventos.tv.br\/index.php?rest_route=\/wp\/v2\/posts\/4112\/revisions"}],"predecessor-version":[{"id":4114,"href":"https:\/\/tveventos.tv.br\/index.php?rest_route=\/wp\/v2\/posts\/4112\/revisions\/4114"}],"wp:featuredmedia":[{"embeddable":true,"href":"https:\/\/tveventos.tv.br\/index.php?rest_route=\/wp\/v2\/media\/4113"}],"wp:attachment":[{"href":"https:\/\/tveventos.tv.br\/index.php?rest_route=%2Fwp%2Fv2%2Fmedia&parent=4112"}],"wp:term":[{"taxonomy":"category","embeddable":true,"href":"https:\/\/tveventos.tv.br\/index.php?rest_route=%2Fwp%2Fv2%2Fcategories&post=4112"},{"taxonomy":"post_tag","embeddable":true,"href":"https:\/\/tveventos.tv.br\/index.php?rest_route=%2Fwp%2Fv2%2Ftags&post=4112"}],"curies":[{"name":"wp","href":"https:\/\/api.w.org\/{rel}","templated":true}]}}