{"id":4116,"date":"2025-01-21T15:31:04","date_gmt":"2025-01-21T18:31:04","guid":{"rendered":"https:\/\/tveventos.tv.br\/?p=4116"},"modified":"2025-01-21T15:31:06","modified_gmt":"2025-01-21T18:31:06","slug":"convencao-brazil-mobile-2025-espera-mais-de-100-expositores","status":"publish","type":"post","link":"https:\/\/tveventos.tv.br\/?p=4116","title":{"rendered":"Conven\u00e7\u00e3o Brazil Mobile 2025 espera mais de 100 expositores"},"content":{"rendered":"\n<p>Entre os dias 21 e 23 de mar\u00e7o de 2025, acontece, no Distrito Anhembi (SP), a terceira edi\u00e7\u00e3o da Conven\u00e7\u00e3o Brazil Mobile (CBM), evento com foco em varejo mobile.<\/p>\n\n\n\n<p>Em 2025, a conven\u00e7\u00e3o reunir\u00e1 lojistas, fornecedores, desenvolvedores de tecnologia, decisores de compras e demais profissionais que buscam crescer neste segmento por meio do acesso a tend\u00eancias, novidades do mercado e oportunidades de networking.<\/p>\n\n\n\n<p>Com isso, o principal objetivo do evento \u00e9 atingir principalmente, pequenos e m\u00e9dios neg\u00f3cios para que possam fazer novos parcerias e desenvolver estrat\u00e9gias de vendas.<\/p>\n\n\n\n<p>A CBM vem crescendo a cada ano. A primeira edi\u00e7\u00e3o contou com um espa\u00e7o de mil m\u00b2, enquanto a segunda j\u00e1 teve uma amplia\u00e7\u00e3o significativa, alcan\u00e7ando 5 mil m\u00b2.<\/p>\n\n\n\n<p>Neste ano, a estrutura vai ser de 10 mil m\u00b2. Al\u00e9m disso, em 2024, foram investidos mais de R$ 1,5 milh\u00e3o no evento e, para a pr\u00f3xima edi\u00e7\u00e3o, R$ 3 milh\u00f5es est\u00e3o sendo utilizados.<\/p>\n\n\n\n<p>A pr\u00f3xima CBM tamb\u00e9m espera mais de 100 expositores e cerca de 10 mil visitantes. A \u00faltima feira contou com 80 estandes e 6 mil pessoas.<\/p>\n\n\n\n<p>A Conven\u00e7\u00e3o Brazil Mobile tem se destacado como um espa\u00e7o que une conhecimento e proporciona as conex\u00f5es necess\u00e1rias para que profissionais do segmento de varejo mobile tenham sucesso no mercado.<\/p>\n\n\n\n<p>\u201cO evento tem como miss\u00e3o trazer mais maturidade para os especialistas do setor, ajudando cada um deles a crescerem de forma mais r\u00e1pida e inteligente\u201d, conta Carlos Eduardo de Oliveira, Fundador do evento.<\/p>\n\n\n\n<p>\u201cAssim, a CBM quer garantir mais profissionaliza\u00e7\u00e3o, contribuindo para que esses neg\u00f3cios sobrevivam perante os desafios, prosperem e estejam alinhados com novas tend\u00eancias do mercado\u201d, completa.<\/p>\n\n\n\n<p>\u00c9 esperado que em 2025 a Conven\u00e7\u00e3o gere diversos neg\u00f3cios e conhecimento. Marcas como Rock Space, Quartt, HPrime, Devia, Blueo, Hoco, Playmobi, Lag Boss e Alaska Tech j\u00e1 est\u00e3o confirmadas.<\/p>\n\n\n\n<p>Abaixo alguns dos palestrantes j\u00e1 confirmados:<\/p>\n\n\n\n<p>\u2013 Andr\u00e9 Vernareccia, Gerente de Parcerias Estrat\u00e9gicas Latam do TikTok, Dafne Blaschkauer, Autora e Palestrante que j\u00e1 atuou em empresas como Apple e Nike, Luciano Barbosa, Head da Opera\u00e7\u00e3o Xiaomi Brasil<\/p>\n\n\n\n<p>\u2013 Marcus Marques, CEO do Grupo Acelerador e Criador do M\u00e9todo Acelerador Empresarial.<\/p>\n\n\n\n<p>Al\u00e9m disso, o evento trar\u00e1 um espa\u00e7o dedicado para grandes lojistas e fornecedores gerarem conex\u00f5es e parcerias.<\/p>\n\n\n\n<p>No site oficial do evento visitantes podem adquirir todos os tipos de ingressos, sendo o Plano UltraVip o mais completo, contando at\u00e9 com uma mentoria com o Marcus Marques.<\/p>\n\n\n\n<p>Todos os detalhes de cada plano podem ser conhecidos no portal, bem como outras informa\u00e7\u00f5es e novidades sobre a CBM.<\/p>\n\n\n\n<p>\u201cO pr\u00f3ximo evento ir\u00e1 superar as outras edi\u00e7\u00f5es n\u00e3o somente em quantidade de expositores e visitantes, mas em possibilidades de networking e conhecimento\u201d, diz Oliveira.<\/p>\n\n\n\n<p>\u201cQueremos contribuir com o desenvolvimento dos profissionais do setor e, consequentemente, do mercado brasileiro. Temos certeza de que ser\u00e1 um sucesso\u201d, finaliza.<\/p>\n\n\n\n<p><strong>SERVI\u00c7O<\/strong><\/p>\n\n\n\n<p>Data: De 21 a 23 de mar\u00e7o<\/p>\n\n\n\n<p>Local: Distrito Anhembi (SP)<\/p>\n\n\n\n<p>Site:&nbsp;<a href=\"https:\/\/convencaobrazilmobile.com\/#sobre\" target=\"_blank\" rel=\"noreferrer noopener\">https:\/\/convencaobrazilmobile.com\/#sobre<\/a><\/p>\n","protected":false},"excerpt":{"rendered":"<p>Entre os dias 21 e 23 de mar\u00e7o de 2025, acontece, no Distrito Anhembi (SP), a terceira edi\u00e7\u00e3o da Conven\u00e7\u00e3o Brazil Mobile (CBM), evento com foco em varejo mobile. Em 2025, a conven\u00e7\u00e3o reunir\u00e1 lojistas, fornecedores, desenvolvedores de tecnologia, decisores de compras e demais profissionais que buscam crescer neste segmento por meio do acesso a [&hellip;]<\/p>\n","protected":false},"author":2,"featured_media":4117,"comment_status":"open","ping_status":"open","sticky":false,"template":"","format":"standard","meta":{"footnotes":""},"categories":[23],"tags":[],"class_list":{"0":"post-4116","1":"post","2":"type-post","3":"status-publish","4":"format-standard","5":"has-post-thumbnail","7":"category-feirasdenegocios"},"_links":{"self":[{"href":"https:\/\/tveventos.tv.br\/index.php?rest_route=\/wp\/v2\/posts\/4116","targetHints":{"allow":["GET"]}}],"collection":[{"href":"https:\/\/tveventos.tv.br\/index.php?rest_route=\/wp\/v2\/posts"}],"about":[{"href":"https:\/\/tveventos.tv.br\/index.php?rest_route=\/wp\/v2\/types\/post"}],"author":[{"embeddable":true,"href":"https:\/\/tveventos.tv.br\/index.php?rest_route=\/wp\/v2\/users\/2"}],"replies":[{"embeddable":true,"href":"https:\/\/tveventos.tv.br\/index.php?rest_route=%2Fwp%2Fv2%2Fcomments&post=4116"}],"version-history":[{"count":1,"href":"https:\/\/tveventos.tv.br\/index.php?rest_route=\/wp\/v2\/posts\/4116\/revisions"}],"predecessor-version":[{"id":4118,"href":"https:\/\/tveventos.tv.br\/index.php?rest_route=\/wp\/v2\/posts\/4116\/revisions\/4118"}],"wp:featuredmedia":[{"embeddable":true,"href":"https:\/\/tveventos.tv.br\/index.php?rest_route=\/wp\/v2\/media\/4117"}],"wp:attachment":[{"href":"https:\/\/tveventos.tv.br\/index.php?rest_route=%2Fwp%2Fv2%2Fmedia&parent=4116"}],"wp:term":[{"taxonomy":"category","embeddable":true,"href":"https:\/\/tveventos.tv.br\/index.php?rest_route=%2Fwp%2Fv2%2Fcategories&post=4116"},{"taxonomy":"post_tag","embeddable":true,"href":"https:\/\/tveventos.tv.br\/index.php?rest_route=%2Fwp%2Fv2%2Ftags&post=4116"}],"curies":[{"name":"wp","href":"https:\/\/api.w.org\/{rel}","templated":true}]}}