{"id":4119,"date":"2025-01-21T16:21:46","date_gmt":"2025-01-21T19:21:46","guid":{"rendered":"https:\/\/tveventos.tv.br\/?p=4119"},"modified":"2025-01-21T16:21:47","modified_gmt":"2025-01-21T19:21:47","slug":"42o-ciosp","status":"publish","type":"post","link":"https:\/\/tveventos.tv.br\/?p=4119","title":{"rendered":"42\u00ba CIOSP"},"content":{"rendered":"\n<p>O 42\u00ba Congresso Internacional de Odontologia de S\u00e3o Paulo (CIOSP) apresenta uma programa\u00e7\u00e3o cient\u00edfica repleta de oportunidades imperd\u00edveis para a atualiza\u00e7\u00e3o da classe odontol\u00f3gica. Explore uma variedade de cursos, hands-on e workshops com valores acess\u00edveis que abordam assuntos de destaque e grande relev\u00e2ncia na \u00e1rea, divididos por m\u00f3dulos.<\/p>\n\n\n\n<h4 class=\"wp-block-heading\">Junte-se a n\u00f3s nos dias 22 a 25 de Janeiro, das 10h \u00e0s 20h, no Expo Center Norte.<\/h4>\n\n\n\n<h4 class=\"wp-block-heading\">Endere\u00e7o: Rua Jos\u00e9 Bernardo Pinto 333, S\u00e3o Paulo, SP, 02055-000.<\/h4>\n","protected":false},"excerpt":{"rendered":"<p>O 42\u00ba Congresso Internacional de Odontologia de S\u00e3o Paulo (CIOSP) apresenta uma programa\u00e7\u00e3o cient\u00edfica repleta de oportunidades imperd\u00edveis para a atualiza\u00e7\u00e3o da classe odontol\u00f3gica. Explore uma variedade de cursos, hands-on e workshops com valores acess\u00edveis que abordam assuntos de destaque e grande relev\u00e2ncia na \u00e1rea, divididos por m\u00f3dulos. Junte-se a n\u00f3s nos dias 22 a [&hellip;]<\/p>\n","protected":false},"author":2,"featured_media":4120,"comment_status":"open","ping_status":"open","sticky":false,"template":"","format":"standard","meta":{"footnotes":""},"categories":[25],"tags":[],"class_list":{"0":"post-4119","1":"post","2":"type-post","3":"status-publish","4":"format-standard","5":"has-post-thumbnail","7":"category-calendariodeeventos"},"_links":{"self":[{"href":"https:\/\/tveventos.tv.br\/index.php?rest_route=\/wp\/v2\/posts\/4119","targetHints":{"allow":["GET"]}}],"collection":[{"href":"https:\/\/tveventos.tv.br\/index.php?rest_route=\/wp\/v2\/posts"}],"about":[{"href":"https:\/\/tveventos.tv.br\/index.php?rest_route=\/wp\/v2\/types\/post"}],"author":[{"embeddable":true,"href":"https:\/\/tveventos.tv.br\/index.php?rest_route=\/wp\/v2\/users\/2"}],"replies":[{"embeddable":true,"href":"https:\/\/tveventos.tv.br\/index.php?rest_route=%2Fwp%2Fv2%2Fcomments&post=4119"}],"version-history":[{"count":1,"href":"https:\/\/tveventos.tv.br\/index.php?rest_route=\/wp\/v2\/posts\/4119\/revisions"}],"predecessor-version":[{"id":4121,"href":"https:\/\/tveventos.tv.br\/index.php?rest_route=\/wp\/v2\/posts\/4119\/revisions\/4121"}],"wp:featuredmedia":[{"embeddable":true,"href":"https:\/\/tveventos.tv.br\/index.php?rest_route=\/wp\/v2\/media\/4120"}],"wp:attachment":[{"href":"https:\/\/tveventos.tv.br\/index.php?rest_route=%2Fwp%2Fv2%2Fmedia&parent=4119"}],"wp:term":[{"taxonomy":"category","embeddable":true,"href":"https:\/\/tveventos.tv.br\/index.php?rest_route=%2Fwp%2Fv2%2Fcategories&post=4119"},{"taxonomy":"post_tag","embeddable":true,"href":"https:\/\/tveventos.tv.br\/index.php?rest_route=%2Fwp%2Fv2%2Ftags&post=4119"}],"curies":[{"name":"wp","href":"https:\/\/api.w.org\/{rel}","templated":true}]}}