{"id":4122,"date":"2025-01-24T12:46:24","date_gmt":"2025-01-24T15:46:24","guid":{"rendered":"https:\/\/tveventos.tv.br\/?p=4122"},"modified":"2025-01-24T12:46:25","modified_gmt":"2025-01-24T15:46:25","slug":"wtm-latin-america-2025-abre-inscricoes-para-premio-de-turismo-responsavel","status":"publish","type":"post","link":"https:\/\/tveventos.tv.br\/?p=4122","title":{"rendered":"WTM Latin America 2025 abre inscri\u00e7\u00f5es para Pr\u00eamio de Turismo Respons\u00e1vel"},"content":{"rendered":"\n<p>A edi\u00e7\u00e3o 2025 do Pr\u00eamio de Turismo Respons\u00e1vel da WTM Latin America j\u00e1 abriu o seu per\u00edodo de inscri\u00e7\u00f5es. O objetivo \u00e9 projetar as hist\u00f3rias mais inspiradoras do setor para a promo\u00e7\u00e3o do desenvolvimento sustent\u00e1vel na Am\u00e9rica Latina.<\/p>\n\n\n\n<p>Os finalistas ser\u00e3o anunciados em mar\u00e7o e a cerim\u00f4nia de premia\u00e7\u00e3o ser\u00e1 realizada em 15 de abril, durante o evento.<\/p>\n\n\n\n<p>Sob a tem\u00e1tica \u201cWhere Tech Meets Touch\u201d (Quando a tecnologia encontra o contato humano em tradu\u00e7\u00e3o livre), a WTM Latin America ocorre de 14 a 16 de abril, no Expo Center Norte, em S\u00e3o Paulo.&nbsp;<\/p>\n\n\n\n<p>Sob lideran\u00e7a de Pablo Menendez, que tamb\u00e9m \u00e9 curador do Teatro Transformation, a quinta edi\u00e7\u00e3o do Pr\u00eamio de Turismo Respons\u00e1vel est\u00e1 organizada a partir de seis categorias (novas e\/ou revisadas) e conta com o apoio de especialistas de entidades de diferentes pa\u00edses da Am\u00e9rica Latina.<\/p>\n\n\n\n<p>As categorias s\u00e3o:&nbsp;<\/p>\n\n\n\n<p><strong>1. Melhores iniciativas para enfrentamento das mudan\u00e7as clim\u00e1ticas e para conserva\u00e7\u00e3o da biodiversidade<\/strong>. Apoiador dessa categoria: Adventure Travel Association&nbsp;<\/p>\n\n\n\n<p><strong>2. Melhores iniciativas para promover a diversidade, equidade e inclus\u00e3o no turismo.&nbsp;<\/strong>Apoiador dessa categoria: Coletivo Muda&nbsp;<\/p>\n\n\n\n<p><strong>3. Melhores iniciativas para promover o impacto socioecon\u00f4mico e a constru\u00e7\u00e3o da paz atrav\u00e9s do turismo.<\/strong>&nbsp;Apoiador dessa categoria: La Mano Del Mono&nbsp;<\/p>\n\n\n\n<p><strong>4. Melhores iniciativas de trabalho em rede para promover o turismo respons\u00e1vel nos destinos.<\/strong>&nbsp;Apoiador dessa categoria: Planeterra.&nbsp;<\/p>\n\n\n\n<p><strong>5. Melhores iniciativas para o turismo Ind\u00edgena e\/ou Comunidades Tradicionais.&nbsp;<\/strong>Apoiador dessa categoria: World Indigenous Tourism Alliance (Winta).&nbsp;<\/p>\n\n\n\n<p><strong>6. Melhores iniciativas para o resgate da mem\u00f3ria e valoriza\u00e7\u00e3o do patrim\u00f4nio hist\u00f3rico.\u00a0<\/strong>Apoiador dessa categoria: Acotur.\u00a0<\/p>\n\n\n\n<p>\u201cN\u00f3s buscamos empresas e iniciativas inspiradoras, comprometidas e que tenham um trabalho relacionado a algum dos seis pilares que ser\u00e3o premiados\u201d, diz Bianca Pizzolito, Event Leader da WTM Latin America.<\/p>\n\n\n\n<p>\u201cN\u00f3s sabemos que essas hist\u00f3rias existem. Nosso papel \u00e9 projet\u00e1-las para que se tornem inspira\u00e7\u00e3o e um modelo de replica\u00e7\u00e3o para um turismo mais justo, acess\u00edvel, inclusivo e sustent\u00e1vel\u201d, completa.&nbsp;<\/p>\n\n\n\n<p>As inscri\u00e7\u00f5es devem ser feitas at\u00e9 dia 15 de fevereiro, clicando&nbsp;<a href=\"https:\/\/www.wtm.com\/latin-america\/pt-br\/programacao\/premio-turismo-responsavel.html\">aqui<\/a>&nbsp;para o acesso em portugu\u00eas,&nbsp;<a href=\"https:\/\/www.wtm.com\/latin-america\/es-mx\/programacion\/premio-de-turismo-responsable.html\">aqui<\/a>&nbsp;para o acesso em espanhol e&nbsp;<a href=\"https:\/\/www.wtm.com\/latin-america\/en-gb\/whats-on\/responsable-tourism-awards.html\">aqui<\/a>&nbsp;para o acesso em ingl\u00eas.<\/p>\n\n\n\n<p>Em 2025, a WTM Latin America ocorre entre 14 e 16 de abril, no Expo Center Norte, em S\u00e3o Paulo.<a href=\"https:\/\/bit.ly\/48kGPc8\" target=\"_blank\" rel=\"noreferrer noopener\"><\/a><\/p>\n","protected":false},"excerpt":{"rendered":"<p>A edi\u00e7\u00e3o 2025 do Pr\u00eamio de Turismo Respons\u00e1vel da WTM Latin America j\u00e1 abriu o seu per\u00edodo de inscri\u00e7\u00f5es. O objetivo \u00e9 projetar as hist\u00f3rias mais inspiradoras do setor para a promo\u00e7\u00e3o do desenvolvimento sustent\u00e1vel na Am\u00e9rica Latina. Os finalistas ser\u00e3o anunciados em mar\u00e7o e a cerim\u00f4nia de premia\u00e7\u00e3o ser\u00e1 realizada em 15 de abril, [&hellip;]<\/p>\n","protected":false},"author":2,"featured_media":0,"comment_status":"open","ping_status":"open","sticky":false,"template":"","format":"standard","meta":{"footnotes":""},"categories":[1],"tags":[],"class_list":{"0":"post-4122","1":"post","2":"type-post","3":"status-publish","4":"format-standard","6":"category-workshopsepalestras"},"_links":{"self":[{"href":"https:\/\/tveventos.tv.br\/index.php?rest_route=\/wp\/v2\/posts\/4122","targetHints":{"allow":["GET"]}}],"collection":[{"href":"https:\/\/tveventos.tv.br\/index.php?rest_route=\/wp\/v2\/posts"}],"about":[{"href":"https:\/\/tveventos.tv.br\/index.php?rest_route=\/wp\/v2\/types\/post"}],"author":[{"embeddable":true,"href":"https:\/\/tveventos.tv.br\/index.php?rest_route=\/wp\/v2\/users\/2"}],"replies":[{"embeddable":true,"href":"https:\/\/tveventos.tv.br\/index.php?rest_route=%2Fwp%2Fv2%2Fcomments&post=4122"}],"version-history":[{"count":1,"href":"https:\/\/tveventos.tv.br\/index.php?rest_route=\/wp\/v2\/posts\/4122\/revisions"}],"predecessor-version":[{"id":4123,"href":"https:\/\/tveventos.tv.br\/index.php?rest_route=\/wp\/v2\/posts\/4122\/revisions\/4123"}],"wp:attachment":[{"href":"https:\/\/tveventos.tv.br\/index.php?rest_route=%2Fwp%2Fv2%2Fmedia&parent=4122"}],"wp:term":[{"taxonomy":"category","embeddable":true,"href":"https:\/\/tveventos.tv.br\/index.php?rest_route=%2Fwp%2Fv2%2Fcategories&post=4122"},{"taxonomy":"post_tag","embeddable":true,"href":"https:\/\/tveventos.tv.br\/index.php?rest_route=%2Fwp%2Fv2%2Ftags&post=4122"}],"curies":[{"name":"wp","href":"https:\/\/api.w.org\/{rel}","templated":true}]}}