{"id":4127,"date":"2025-01-27T15:23:33","date_gmt":"2025-01-27T18:23:33","guid":{"rendered":"https:\/\/tveventos.tv.br\/?p=4127"},"modified":"2025-01-27T15:23:35","modified_gmt":"2025-01-27T18:23:35","slug":"9o-cropshow-marca-inicio-das-comemoracoes-dos-30-anos-da-3tentos","status":"publish","type":"post","link":"https:\/\/tveventos.tv.br\/?p=4127","title":{"rendered":"9\u00ba CropShow marca in\u00edcio das comemora\u00e7\u00f5es dos 30 anos da 3tentos"},"content":{"rendered":"\n<p>A nona edi\u00e7\u00e3o do CropShow, evento realizado pela 3tentos de 11 a 13 de fevereiro em Santa B\u00e1rbara do Sul (RS), ter\u00e1 um sabor especial este ano.<\/p>\n\n\n\n<p>A companhia, que iniciou sua opera\u00e7\u00e3o em 1995 com produ\u00e7\u00e3o de sementes, chega a tr\u00eas d\u00e9cadas de atua\u00e7\u00e3o como uma das maiores empresas do agroneg\u00f3cio brasileiro.<\/p>\n\n\n\n<p>Atualmente s\u00e3o tr\u00eas f\u00e1bricas de processamento de soja e produ\u00e7\u00e3o de biodiesel, 69 lojas no Rio Grande do Sul e no Mato Grosso, e uma carteira de 24 mil clientes.<\/p>\n\n\n\n<p>Al\u00e9m disso, a empresa est\u00e1 construindo sua quarta ind\u00fastria, em Porto Alegre do Norte (MT), para produ\u00e7\u00e3o de etanol de milho e DDGS.De acordo com o fundador e CEO da 3tentos, Luiz Os\u00f3rio Dumoncel, o evento pretende fazer uma liga\u00e7\u00e3o entre passado e futuro, refor\u00e7ando a conex\u00e3o com o produtor rural. &nbsp;<\/p>\n\n\n\n<p>\u201cO agricultor est\u00e1 no centro do nosso neg\u00f3cio. Nestes 30 anos, constru\u00edmos uma rela\u00e7\u00e3o s\u00f3lida, de confian\u00e7a, que fez a 3tentos crescer, expandindo sua atua\u00e7\u00e3o sempre com muita seguran\u00e7a e responsabilidade\u201d, disse.<\/p>\n\n\n\n<p>\u201cVamos contar a nossa hist\u00f3ria, mas com um olhar para o futuro, mostrando as inova\u00e7\u00f5es tecnol\u00f3gicas que est\u00e3o transformando a agricultura no Brasil\u201d, completou.&nbsp;<\/p>\n\n\n\n<p>O CropShow acontece no CETEC (Centro Tecnol\u00f3gico) de Santa B\u00e1rbara do Sul), com a expectativa de reunir cerca de 5 mil pessoas entre produtores rurais, estudantes, empresas e demais p\u00fablicos relacionados \u00e0 agricultura. &nbsp;<\/p>\n\n\n\n<p>Refer\u00eancia em inova\u00e7\u00e3o e conhecimento para o campo, o CropShow conta com uma grande estrutura que re\u00fane diversas empresas parceiras da companhia, exposi\u00e7\u00e3o de produtos, experi\u00eancias em espa\u00e7os interativos e tecnol\u00f3gicos e palestras que ser\u00e3o transmitidas ao vivo pelo YouTube (<a href=\"https:\/\/www.youtube.com\/@3tentos\">www.youtube.com\/@3tentos<\/a>).<\/p>\n\n\n\n<p><strong>SERVI\u00c7O<\/strong><\/p>\n\n\n\n<p>Data: 11 a 13 de fevereiro<\/p>\n\n\n\n<p>Local: CETEC 3tentos BR 285, trevo de acesso Santa B\u00e1rbara do Sul\/RS<\/p>\n\n\n\n<p>Inscri\u00e7\u00e3o no site:&nbsp;<a href=\"https:\/\/www.cropshow.com.br\/\" target=\"_blank\" rel=\"noreferrer noopener\">www.cropshow.com.br<\/a><\/p>\n\n\n\n<p>Transmiss\u00e3o online:&nbsp;<a href=\"https:\/\/www.youtube.com\/@3tentos\" target=\"_blank\" rel=\"noreferrer noopener\">www.youtube.com\/@3tentos<\/a><\/p>\n","protected":false},"excerpt":{"rendered":"<p>A nona edi\u00e7\u00e3o do CropShow, evento realizado pela 3tentos de 11 a 13 de fevereiro em Santa B\u00e1rbara do Sul (RS), ter\u00e1 um sabor especial este ano. A companhia, que iniciou sua opera\u00e7\u00e3o em 1995 com produ\u00e7\u00e3o de sementes, chega a tr\u00eas d\u00e9cadas de atua\u00e7\u00e3o como uma das maiores empresas do agroneg\u00f3cio brasileiro. Atualmente s\u00e3o [&hellip;]<\/p>\n","protected":false},"author":2,"featured_media":4128,"comment_status":"open","ping_status":"open","sticky":false,"template":"","format":"standard","meta":{"footnotes":""},"categories":[23],"tags":[],"class_list":{"0":"post-4127","1":"post","2":"type-post","3":"status-publish","4":"format-standard","5":"has-post-thumbnail","7":"category-feirasdenegocios"},"_links":{"self":[{"href":"https:\/\/tveventos.tv.br\/index.php?rest_route=\/wp\/v2\/posts\/4127","targetHints":{"allow":["GET"]}}],"collection":[{"href":"https:\/\/tveventos.tv.br\/index.php?rest_route=\/wp\/v2\/posts"}],"about":[{"href":"https:\/\/tveventos.tv.br\/index.php?rest_route=\/wp\/v2\/types\/post"}],"author":[{"embeddable":true,"href":"https:\/\/tveventos.tv.br\/index.php?rest_route=\/wp\/v2\/users\/2"}],"replies":[{"embeddable":true,"href":"https:\/\/tveventos.tv.br\/index.php?rest_route=%2Fwp%2Fv2%2Fcomments&post=4127"}],"version-history":[{"count":1,"href":"https:\/\/tveventos.tv.br\/index.php?rest_route=\/wp\/v2\/posts\/4127\/revisions"}],"predecessor-version":[{"id":4129,"href":"https:\/\/tveventos.tv.br\/index.php?rest_route=\/wp\/v2\/posts\/4127\/revisions\/4129"}],"wp:featuredmedia":[{"embeddable":true,"href":"https:\/\/tveventos.tv.br\/index.php?rest_route=\/wp\/v2\/media\/4128"}],"wp:attachment":[{"href":"https:\/\/tveventos.tv.br\/index.php?rest_route=%2Fwp%2Fv2%2Fmedia&parent=4127"}],"wp:term":[{"taxonomy":"category","embeddable":true,"href":"https:\/\/tveventos.tv.br\/index.php?rest_route=%2Fwp%2Fv2%2Fcategories&post=4127"},{"taxonomy":"post_tag","embeddable":true,"href":"https:\/\/tveventos.tv.br\/index.php?rest_route=%2Fwp%2Fv2%2Ftags&post=4127"}],"curies":[{"name":"wp","href":"https:\/\/api.w.org\/{rel}","templated":true}]}}