{"id":4131,"date":"2025-01-28T15:51:45","date_gmt":"2025-01-28T18:51:45","guid":{"rendered":"https:\/\/tveventos.tv.br\/?p=4131"},"modified":"2025-01-28T15:51:47","modified_gmt":"2025-01-28T18:51:47","slug":"o-maior-networking-da-industria-textil-e-da-moda","status":"publish","type":"post","link":"https:\/\/tveventos.tv.br\/?p=4131","title":{"rendered":"O maior networking da ind\u00fastria t\u00eaxtil e da moda!"},"content":{"rendered":"\n<p>Um dos benef\u00edcios mais exclusivos que a Abit oferece \u00e9 seu papel como um&nbsp;<em>hub<\/em>&nbsp;para as ind\u00fastrias t\u00eaxtil e de moda no Brasil. Ao fornecer acesso a informa\u00e7\u00f5es privilegiadas, eventos comerciais e conex\u00f5es para neg\u00f3cios, a Abit facilita a troca de contatos, ideias, experi\u00eancias e melhores pr\u00e1ticas entre seus membros, aumentando assim a competitividade e a sustentabilidade do setor.&nbsp;&nbsp;<\/p>\n\n\n\n<p>Durante a FebraT\u00eaxtil estaremos com estande para que voc\u00ea venha nos conhecer melhor, fique por dentro da nossa agenda 2025 e tire todas as suas d\u00favidas sobre o que podemos fazer pela sua empresa!&nbsp;<\/p>\n\n\n\n<ul class=\"wp-block-list\">\n<li><strong>Sustentabilidade:<\/strong>\u00a0promovemos cursos, palestras, rodas de conversa para voc\u00ea iniciar ou se aprofundar na redu\u00e7\u00e3o da pegada de carbono da sua empresa, e indicamos consultorias para acelerar seu processo.\u00a0<\/li>\n\n\n\n<li><strong>Intelig\u00eancia Comercial<\/strong>: ganhe novos mercados, tanto no Brasil quanto no exterior. Descubra onde est\u00e3o os seus novos clientes e obtenha estudos\u00a0<em>on demand<\/em>\u00a0para seu segmento.\u00a0<\/li>\n\n\n\n<li><strong>Mercado Internacional<\/strong>: apoio para ex-tarif\u00e1rio, classifica\u00e7\u00e3o fiscal, etiquetagem, al\u00e9m de orienta\u00e7\u00e3o para quem quer come\u00e7ar a exportar, atrav\u00e9s do nosso Programa Texbrasil, e para quem j\u00e1 exporta e precisa de apoio para expandir mercados.\u00a0<\/li>\n\n\n\n<li><strong>Informa\u00e7\u00f5es privilegiadas na sua m\u00e3o<\/strong>: Boletins Econ\u00f4micos, Informes di\u00e1rios sobre tributa\u00e7\u00e3o, legisla\u00e7\u00e3o, Com\u00e9rcio Exterior e novidades sobre o que \u00e9 mais relevante e que est\u00e1 acontecendo no mercado e nas empresas.<\/li>\n\n\n\n<li><strong>Conte\u00fado, Inova\u00e7\u00e3o e Tecnologia<\/strong>: dezenas de workshops e palestras ao longo do ano, al\u00e9m de lives, reuni\u00f5es mensais com Conselho e Associados, reuni\u00f5es de Comit\u00eas Setoriais ( Denim, Tecidos de Decora\u00e7\u00e3o, Vestu\u00e1rio, N\u00e3o Tecidos e Tecidos T\u00e9cnicos, Aviamentos, Texturizadores, dentre outros)<\/li>\n<\/ul>\n","protected":false},"excerpt":{"rendered":"<p>Um dos benef\u00edcios mais exclusivos que a Abit oferece \u00e9 seu papel como um&nbsp;hub&nbsp;para as ind\u00fastrias t\u00eaxtil e de moda no Brasil. Ao fornecer acesso a informa\u00e7\u00f5es privilegiadas, eventos comerciais e conex\u00f5es para neg\u00f3cios, a Abit facilita a troca de contatos, ideias, experi\u00eancias e melhores pr\u00e1ticas entre seus membros, aumentando assim a competitividade e a [&hellip;]<\/p>\n","protected":false},"author":2,"featured_media":4132,"comment_status":"open","ping_status":"open","sticky":false,"template":"","format":"standard","meta":{"footnotes":""},"categories":[23],"tags":[],"class_list":{"0":"post-4131","1":"post","2":"type-post","3":"status-publish","4":"format-standard","5":"has-post-thumbnail","7":"category-feirasdenegocios"},"_links":{"self":[{"href":"https:\/\/tveventos.tv.br\/index.php?rest_route=\/wp\/v2\/posts\/4131","targetHints":{"allow":["GET"]}}],"collection":[{"href":"https:\/\/tveventos.tv.br\/index.php?rest_route=\/wp\/v2\/posts"}],"about":[{"href":"https:\/\/tveventos.tv.br\/index.php?rest_route=\/wp\/v2\/types\/post"}],"author":[{"embeddable":true,"href":"https:\/\/tveventos.tv.br\/index.php?rest_route=\/wp\/v2\/users\/2"}],"replies":[{"embeddable":true,"href":"https:\/\/tveventos.tv.br\/index.php?rest_route=%2Fwp%2Fv2%2Fcomments&post=4131"}],"version-history":[{"count":1,"href":"https:\/\/tveventos.tv.br\/index.php?rest_route=\/wp\/v2\/posts\/4131\/revisions"}],"predecessor-version":[{"id":4133,"href":"https:\/\/tveventos.tv.br\/index.php?rest_route=\/wp\/v2\/posts\/4131\/revisions\/4133"}],"wp:featuredmedia":[{"embeddable":true,"href":"https:\/\/tveventos.tv.br\/index.php?rest_route=\/wp\/v2\/media\/4132"}],"wp:attachment":[{"href":"https:\/\/tveventos.tv.br\/index.php?rest_route=%2Fwp%2Fv2%2Fmedia&parent=4131"}],"wp:term":[{"taxonomy":"category","embeddable":true,"href":"https:\/\/tveventos.tv.br\/index.php?rest_route=%2Fwp%2Fv2%2Fcategories&post=4131"},{"taxonomy":"post_tag","embeddable":true,"href":"https:\/\/tveventos.tv.br\/index.php?rest_route=%2Fwp%2Fv2%2Ftags&post=4131"}],"curies":[{"name":"wp","href":"https:\/\/api.w.org\/{rel}","templated":true}]}}