{"id":4134,"date":"2025-01-28T16:03:26","date_gmt":"2025-01-28T19:03:26","guid":{"rendered":"https:\/\/tveventos.tv.br\/?p=4134"},"modified":"2025-01-28T16:03:28","modified_gmt":"2025-01-28T19:03:28","slug":"agrishow-ja-iniciou-vendas-de-ingressos-para-a-sua-30a-edicao","status":"publish","type":"post","link":"https:\/\/tveventos.tv.br\/?p=4134","title":{"rendered":"Agrishow j\u00e1 iniciou vendas de ingressos para a sua 30\u00aa edi\u00e7\u00e3o"},"content":{"rendered":"\n<p>Os ingressos para a Agrishow 2025, que marca a 30\u00aa edi\u00e7\u00e3o da principal feira de tecnologia para o agroneg\u00f3cio da Am\u00e9rica Latina, j\u00e1 est\u00e3o sendo comercializados no site oficial.<\/p>\n\n\n\n<p>Neste ano, o evento ter\u00e1 como tema \u201cO Futuro do Agro de A a Z\u201d e cada dia de visita\u00e7\u00e3o custar\u00e1 R$ 70,00 no primeiro lote, que estar\u00e1 dispon\u00edvel at\u00e9 23 de fevereiro.<\/p>\n\n\n\n<p>Como anteriormente, os interessados dever\u00e3o escolher o dia da semana em que desejam visitar a feira j\u00e1 no ato da compra. &nbsp;<\/p>\n\n\n\n<p>Al\u00e9m da credencial de entrada, que poder\u00e1 ser utilizada por um dia inteiro, tamb\u00e9m ser\u00e1 poss\u00edvel adquirir antecipadamente o ticket para uso do estacionamento.<\/p>\n\n\n\n<p>O valor para estacionar varia de R$ 70,00 a R$ 110,00 por dia a depender do tipo de ve\u00edculo (motos, carros de passeio, vans, \u00f4nibus).<\/p>\n\n\n\n<p>Tamb\u00e9m estar\u00e3o dispon\u00edveis pacotes de VIP Valet para os cinco dias de evento com acesso facilitado \u00e0 feira por R$ 550,00.<\/p>\n\n\n\n<p>O segundo lote ser\u00e1 disponibilizado a partir de 24 de fevereiro e cada dia custar\u00e1 R$ 80,00. Importante destacar que as quantidades de ingressos por dia e de tickets de estacionamento s\u00e3o limitadas.<\/p>\n\n\n\n<p>Por isso, vale antecipar as compras online. Na bilheteria do evento, que acontecer\u00e1 entre 28 de abril e 2 de maio, das 8h \u00e0s 18h, o valor di\u00e1rio da entrada ser\u00e1 de R$ 140,00.<\/p>\n\n\n\n<p>Al\u00e9m do estacionamento exclusivo da feira, haver\u00e1 tamb\u00e9m uma \u00e1rea dedicada a caravanas, visando promover praticidade e conforto no desembarque e embarque dos participantes desses grupos.<\/p>\n\n\n\n<p>Em 2024, a 29\u00aa edi\u00e7\u00e3o da Agrishow se encerrou com R$ 13,608 bilh\u00f5es em inten\u00e7\u00f5es de neg\u00f3cios, um crescimento de 2,4% em rela\u00e7\u00e3o \u00e0 edi\u00e7\u00e3o de 2023.<\/p>\n\n\n\n<p>A feira reuniu aproximadamente 195 mil visitantes, entre produtores rurais de pequenas, m\u00e9dias e grandes propriedades, de todas as regi\u00f5es do pa\u00eds e tamb\u00e9m do exterior.<\/p>\n\n\n\n<p><strong>SERVI\u00c7O:<\/strong><\/p>\n\n\n\n<p>Data: 28 de abril a 2 de maio de 2025<\/p>\n\n\n\n<p>Local: Rodovia Ant\u00f4nio Duarte Nogueira, Km 321 \u2013 Ribeir\u00e3o Preto (SP)<\/p>\n\n\n\n<p>Hor\u00e1rio: das 8h \u00e0s 18h<\/p>\n\n\n\n<p>Site:&nbsp;<a href=\"http:\/\/www.agrishow.com.br\/\" target=\"_blank\" rel=\"noreferrer noopener\">www.agrishow.com.br<\/a><\/p>\n","protected":false},"excerpt":{"rendered":"<p>Os ingressos para a Agrishow 2025, que marca a 30\u00aa edi\u00e7\u00e3o da principal feira de tecnologia para o agroneg\u00f3cio da Am\u00e9rica Latina, j\u00e1 est\u00e3o sendo comercializados no site oficial. Neste ano, o evento ter\u00e1 como tema \u201cO Futuro do Agro de A a Z\u201d e cada dia de visita\u00e7\u00e3o custar\u00e1 R$ 70,00 no primeiro lote, [&hellip;]<\/p>\n","protected":false},"author":2,"featured_media":4135,"comment_status":"open","ping_status":"open","sticky":false,"template":"","format":"standard","meta":{"footnotes":""},"categories":[23],"tags":[],"class_list":{"0":"post-4134","1":"post","2":"type-post","3":"status-publish","4":"format-standard","5":"has-post-thumbnail","7":"category-feirasdenegocios"},"_links":{"self":[{"href":"https:\/\/tveventos.tv.br\/index.php?rest_route=\/wp\/v2\/posts\/4134","targetHints":{"allow":["GET"]}}],"collection":[{"href":"https:\/\/tveventos.tv.br\/index.php?rest_route=\/wp\/v2\/posts"}],"about":[{"href":"https:\/\/tveventos.tv.br\/index.php?rest_route=\/wp\/v2\/types\/post"}],"author":[{"embeddable":true,"href":"https:\/\/tveventos.tv.br\/index.php?rest_route=\/wp\/v2\/users\/2"}],"replies":[{"embeddable":true,"href":"https:\/\/tveventos.tv.br\/index.php?rest_route=%2Fwp%2Fv2%2Fcomments&post=4134"}],"version-history":[{"count":1,"href":"https:\/\/tveventos.tv.br\/index.php?rest_route=\/wp\/v2\/posts\/4134\/revisions"}],"predecessor-version":[{"id":4136,"href":"https:\/\/tveventos.tv.br\/index.php?rest_route=\/wp\/v2\/posts\/4134\/revisions\/4136"}],"wp:featuredmedia":[{"embeddable":true,"href":"https:\/\/tveventos.tv.br\/index.php?rest_route=\/wp\/v2\/media\/4135"}],"wp:attachment":[{"href":"https:\/\/tveventos.tv.br\/index.php?rest_route=%2Fwp%2Fv2%2Fmedia&parent=4134"}],"wp:term":[{"taxonomy":"category","embeddable":true,"href":"https:\/\/tveventos.tv.br\/index.php?rest_route=%2Fwp%2Fv2%2Fcategories&post=4134"},{"taxonomy":"post_tag","embeddable":true,"href":"https:\/\/tveventos.tv.br\/index.php?rest_route=%2Fwp%2Fv2%2Ftags&post=4134"}],"curies":[{"name":"wp","href":"https:\/\/api.w.org\/{rel}","templated":true}]}}