{"id":4137,"date":"2025-01-30T12:07:53","date_gmt":"2025-01-30T15:07:53","guid":{"rendered":"https:\/\/tveventos.tv.br\/?p=4137"},"modified":"2025-01-30T12:07:55","modified_gmt":"2025-01-30T15:07:55","slug":"abup-show","status":"publish","type":"post","link":"https:\/\/tveventos.tv.br\/?p=4137","title":{"rendered":"ABUP SHOW"},"content":{"rendered":"\n<p>A&nbsp; <strong>ABUP \u2013 Associa\u00e7\u00e3o Brasileira de Empresas de Utilidades e Presentes<\/strong> \u00e9 uma associa\u00e7\u00e3o sem fins lucrativos formada por um grupo de empresas que atuam no segmento CASA.<\/p>\n\n\n\n<p>Respons\u00e1vel pela realiza\u00e7\u00e3o das feiras, <strong>ABUP SHOW e ABUP DECOR SHOW<\/strong>, promove os lan\u00e7amentos dos principais players da ind\u00fastria e de importados, o melhor do design independente brasileiro e apresenta um panorama completo das tend\u00eancias para o mercado de decora\u00e7\u00e3o, mesa posta, utilidades dom\u00e9sticas e linha t\u00eaxtil.<\/p>\n\n\n\n<h4 class=\"wp-block-heading\">Junte-se a n\u00f3s nos dias 02 a 5 de Fevereiro, das 09h \u00e0s 19h, no Distrito Anhembi.<\/h4>\n\n\n\n<h4 class=\"wp-block-heading\">Endere\u00e7o: Avenida Olavo Fontoura, N\u00b0 1. 209\/Santana, S\u00e3o Paulo, SP, 02012-021<\/h4>\n","protected":false},"excerpt":{"rendered":"<p>A&nbsp; ABUP \u2013 Associa\u00e7\u00e3o Brasileira de Empresas de Utilidades e Presentes \u00e9 uma associa\u00e7\u00e3o sem fins lucrativos formada por um grupo de empresas que atuam no segmento CASA. Respons\u00e1vel pela realiza\u00e7\u00e3o das feiras, ABUP SHOW e ABUP DECOR SHOW, promove os lan\u00e7amentos dos principais players da ind\u00fastria e de importados, o melhor do design independente [&hellip;]<\/p>\n","protected":false},"author":2,"featured_media":4138,"comment_status":"open","ping_status":"open","sticky":false,"template":"","format":"standard","meta":{"footnotes":""},"categories":[25],"tags":[],"class_list":{"0":"post-4137","1":"post","2":"type-post","3":"status-publish","4":"format-standard","5":"has-post-thumbnail","7":"category-calendariodeeventos"},"_links":{"self":[{"href":"https:\/\/tveventos.tv.br\/index.php?rest_route=\/wp\/v2\/posts\/4137","targetHints":{"allow":["GET"]}}],"collection":[{"href":"https:\/\/tveventos.tv.br\/index.php?rest_route=\/wp\/v2\/posts"}],"about":[{"href":"https:\/\/tveventos.tv.br\/index.php?rest_route=\/wp\/v2\/types\/post"}],"author":[{"embeddable":true,"href":"https:\/\/tveventos.tv.br\/index.php?rest_route=\/wp\/v2\/users\/2"}],"replies":[{"embeddable":true,"href":"https:\/\/tveventos.tv.br\/index.php?rest_route=%2Fwp%2Fv2%2Fcomments&post=4137"}],"version-history":[{"count":1,"href":"https:\/\/tveventos.tv.br\/index.php?rest_route=\/wp\/v2\/posts\/4137\/revisions"}],"predecessor-version":[{"id":4139,"href":"https:\/\/tveventos.tv.br\/index.php?rest_route=\/wp\/v2\/posts\/4137\/revisions\/4139"}],"wp:featuredmedia":[{"embeddable":true,"href":"https:\/\/tveventos.tv.br\/index.php?rest_route=\/wp\/v2\/media\/4138"}],"wp:attachment":[{"href":"https:\/\/tveventos.tv.br\/index.php?rest_route=%2Fwp%2Fv2%2Fmedia&parent=4137"}],"wp:term":[{"taxonomy":"category","embeddable":true,"href":"https:\/\/tveventos.tv.br\/index.php?rest_route=%2Fwp%2Fv2%2Fcategories&post=4137"},{"taxonomy":"post_tag","embeddable":true,"href":"https:\/\/tveventos.tv.br\/index.php?rest_route=%2Fwp%2Fv2%2Ftags&post=4137"}],"curies":[{"name":"wp","href":"https:\/\/api.w.org\/{rel}","templated":true}]}}