{"id":4140,"date":"2025-01-30T12:12:59","date_gmt":"2025-01-30T15:12:59","guid":{"rendered":"https:\/\/tveventos.tv.br\/?p=4140"},"modified":"2025-01-30T12:13:01","modified_gmt":"2025-01-30T15:13:01","slug":"39a-abimad","status":"publish","type":"post","link":"https:\/\/tveventos.tv.br\/?p=4140","title":{"rendered":"39\u00aa ABIMAD"},"content":{"rendered":"\n<p>Com mais de 20 anos de hist\u00f3ria, a ABIMAD \u00e9 a principal feira de m\u00f3veis e acess\u00f3rios de alta decora\u00e7\u00e3o da Am\u00e9rica Latina e a \u00fanica do setor focada em neg\u00f3cios. Direcionada a lojistas e compradores do Brasil e do exterior, a feira tem duas edi\u00e7\u00f5es anuais, que trazem o melhor do design brasileiro e as principais tend\u00eancias internacionais, atrav\u00e9s dos seus mais de 140 expositores, distribu\u00eddos em uma \u00e1rea de 50 mil m\u00b2.<\/p>\n\n\n\n<h4 class=\"wp-block-heading\">Junte-se a n\u00f3s nos dias 04 a 7 de Fevereiro, das 10h \u00e0s 19h, no S\u00e3o Paulo Expo.<\/h4>\n\n\n\n<h4 class=\"wp-block-heading\">Endere\u00e7o: Rod. dos Imigrantes 5, S\/N, km. 1, S\u00e3o Paulo, SP, 04329-900.<\/h4>\n\n\n\n<p><\/p>\n","protected":false},"excerpt":{"rendered":"<p>Com mais de 20 anos de hist\u00f3ria, a ABIMAD \u00e9 a principal feira de m\u00f3veis e acess\u00f3rios de alta decora\u00e7\u00e3o da Am\u00e9rica Latina e a \u00fanica do setor focada em neg\u00f3cios. Direcionada a lojistas e compradores do Brasil e do exterior, a feira tem duas edi\u00e7\u00f5es anuais, que trazem o melhor do design brasileiro e [&hellip;]<\/p>\n","protected":false},"author":2,"featured_media":4141,"comment_status":"open","ping_status":"open","sticky":false,"template":"","format":"standard","meta":{"footnotes":""},"categories":[25],"tags":[],"class_list":{"0":"post-4140","1":"post","2":"type-post","3":"status-publish","4":"format-standard","5":"has-post-thumbnail","7":"category-calendariodeeventos"},"_links":{"self":[{"href":"https:\/\/tveventos.tv.br\/index.php?rest_route=\/wp\/v2\/posts\/4140","targetHints":{"allow":["GET"]}}],"collection":[{"href":"https:\/\/tveventos.tv.br\/index.php?rest_route=\/wp\/v2\/posts"}],"about":[{"href":"https:\/\/tveventos.tv.br\/index.php?rest_route=\/wp\/v2\/types\/post"}],"author":[{"embeddable":true,"href":"https:\/\/tveventos.tv.br\/index.php?rest_route=\/wp\/v2\/users\/2"}],"replies":[{"embeddable":true,"href":"https:\/\/tveventos.tv.br\/index.php?rest_route=%2Fwp%2Fv2%2Fcomments&post=4140"}],"version-history":[{"count":1,"href":"https:\/\/tveventos.tv.br\/index.php?rest_route=\/wp\/v2\/posts\/4140\/revisions"}],"predecessor-version":[{"id":4142,"href":"https:\/\/tveventos.tv.br\/index.php?rest_route=\/wp\/v2\/posts\/4140\/revisions\/4142"}],"wp:featuredmedia":[{"embeddable":true,"href":"https:\/\/tveventos.tv.br\/index.php?rest_route=\/wp\/v2\/media\/4141"}],"wp:attachment":[{"href":"https:\/\/tveventos.tv.br\/index.php?rest_route=%2Fwp%2Fv2%2Fmedia&parent=4140"}],"wp:term":[{"taxonomy":"category","embeddable":true,"href":"https:\/\/tveventos.tv.br\/index.php?rest_route=%2Fwp%2Fv2%2Fcategories&post=4140"},{"taxonomy":"post_tag","embeddable":true,"href":"https:\/\/tveventos.tv.br\/index.php?rest_route=%2Fwp%2Fv2%2Ftags&post=4140"}],"curies":[{"name":"wp","href":"https:\/\/api.w.org\/{rel}","templated":true}]}}