{"id":4143,"date":"2025-01-30T12:29:14","date_gmt":"2025-01-30T15:29:14","guid":{"rendered":"https:\/\/tveventos.tv.br\/?p=4143"},"modified":"2025-01-30T12:29:16","modified_gmt":"2025-01-30T15:29:16","slug":"abcasa-fair-3","status":"publish","type":"post","link":"https:\/\/tveventos.tv.br\/?p=4143","title":{"rendered":"ABCASA FAIR"},"content":{"rendered":"\n<p>A ABCasa Fair \u00e9 uma feira de neg\u00f3cios B2B (Business-to-Business), focada em presentes, decora\u00e7\u00e3o, utilidades dom\u00e9sticas e artigos para festas. Re\u00fane uma grande variedade de expositores, incluindo fabricantes e distribuidores, que apresentam suas novidades e produtos. O objetivo da feira \u00e9 proporcionar uma plataforma para neg\u00f3cios, networking e tend\u00eancias do setor.\u00a0<\/p>\n\n\n\n<h4 class=\"wp-block-heading\">Junte-se a n\u00f3s nos dias 09 a 12 de Fevereiro, das 10h \u00e0s 20h, no Expo Center Norte.<\/h4>\n\n\n\n<h4 class=\"wp-block-heading\">Endere\u00e7o: Rua Jos\u00e9 Bernardo Pinto 333, S\u00e3o Paulo, SP, 02055-000.<\/h4>\n","protected":false},"excerpt":{"rendered":"<p>A ABCasa Fair \u00e9 uma feira de neg\u00f3cios B2B (Business-to-Business), focada em presentes, decora\u00e7\u00e3o, utilidades dom\u00e9sticas e artigos para festas. Re\u00fane uma grande variedade de expositores, incluindo fabricantes e distribuidores, que apresentam suas novidades e produtos. O objetivo da feira \u00e9 proporcionar uma plataforma para neg\u00f3cios, networking e tend\u00eancias do setor.\u00a0 Junte-se a n\u00f3s nos [&hellip;]<\/p>\n","protected":false},"author":2,"featured_media":4145,"comment_status":"open","ping_status":"open","sticky":false,"template":"","format":"standard","meta":{"footnotes":""},"categories":[25],"tags":[],"class_list":{"0":"post-4143","1":"post","2":"type-post","3":"status-publish","4":"format-standard","5":"has-post-thumbnail","7":"category-calendariodeeventos"},"_links":{"self":[{"href":"https:\/\/tveventos.tv.br\/index.php?rest_route=\/wp\/v2\/posts\/4143","targetHints":{"allow":["GET"]}}],"collection":[{"href":"https:\/\/tveventos.tv.br\/index.php?rest_route=\/wp\/v2\/posts"}],"about":[{"href":"https:\/\/tveventos.tv.br\/index.php?rest_route=\/wp\/v2\/types\/post"}],"author":[{"embeddable":true,"href":"https:\/\/tveventos.tv.br\/index.php?rest_route=\/wp\/v2\/users\/2"}],"replies":[{"embeddable":true,"href":"https:\/\/tveventos.tv.br\/index.php?rest_route=%2Fwp%2Fv2%2Fcomments&post=4143"}],"version-history":[{"count":1,"href":"https:\/\/tveventos.tv.br\/index.php?rest_route=\/wp\/v2\/posts\/4143\/revisions"}],"predecessor-version":[{"id":4146,"href":"https:\/\/tveventos.tv.br\/index.php?rest_route=\/wp\/v2\/posts\/4143\/revisions\/4146"}],"wp:featuredmedia":[{"embeddable":true,"href":"https:\/\/tveventos.tv.br\/index.php?rest_route=\/wp\/v2\/media\/4145"}],"wp:attachment":[{"href":"https:\/\/tveventos.tv.br\/index.php?rest_route=%2Fwp%2Fv2%2Fmedia&parent=4143"}],"wp:term":[{"taxonomy":"category","embeddable":true,"href":"https:\/\/tveventos.tv.br\/index.php?rest_route=%2Fwp%2Fv2%2Fcategories&post=4143"},{"taxonomy":"post_tag","embeddable":true,"href":"https:\/\/tveventos.tv.br\/index.php?rest_route=%2Fwp%2Fv2%2Ftags&post=4143"}],"curies":[{"name":"wp","href":"https:\/\/api.w.org\/{rel}","templated":true}]}}