{"id":4147,"date":"2025-01-30T12:34:21","date_gmt":"2025-01-30T15:34:21","guid":{"rendered":"https:\/\/tveventos.tv.br\/?p=4147"},"modified":"2025-01-30T12:34:23","modified_gmt":"2025-01-30T15:34:23","slug":"feninjer-2","status":"publish","type":"post","link":"https:\/\/tveventos.tv.br\/?p=4147","title":{"rendered":"FENINJER"},"content":{"rendered":"\n<p>A Feira Nacional da Ind\u00fastria de Joias, Rel\u00f3gios e Afins \u00e9 o maior e mais importante evento do setor joalheiro na Am\u00e9rica do Sul.<\/p>\n\n\n\n<p>Os compradores nacionais e estrangeiros, segmentados entre varejistas e atacadistas, visitam a Feira para abastecer seus estoques, aprimorar suas estrat\u00e9gias comerciais, atualizar seus conhecimentos e promover networking por meio da troca de experi\u00eancias entre os empres\u00e1rios.<\/p>\n\n\n\n<h4 class=\"wp-block-heading\">Junte-se a n\u00f3s nos dias 10 a 13 de Fevereiro, das 10h \u00e0s 20h, no Transamerica Expo Center<\/h4>\n\n\n\n<h4 class=\"wp-block-heading\">Endere\u00e7o: Av. Dr. M\u00e1rio Vilas Boas Rodrigues 387, S\u00e3o Paulo, SP, 04757-020.<\/h4>\n","protected":false},"excerpt":{"rendered":"<p>A Feira Nacional da Ind\u00fastria de Joias, Rel\u00f3gios e Afins \u00e9 o maior e mais importante evento do setor joalheiro na Am\u00e9rica do Sul. Os compradores nacionais e estrangeiros, segmentados entre varejistas e atacadistas, visitam a Feira para abastecer seus estoques, aprimorar suas estrat\u00e9gias comerciais, atualizar seus conhecimentos e promover networking por meio da troca [&hellip;]<\/p>\n","protected":false},"author":2,"featured_media":4148,"comment_status":"open","ping_status":"open","sticky":false,"template":"","format":"standard","meta":{"footnotes":""},"categories":[25],"tags":[],"class_list":{"0":"post-4147","1":"post","2":"type-post","3":"status-publish","4":"format-standard","5":"has-post-thumbnail","7":"category-calendariodeeventos"},"_links":{"self":[{"href":"https:\/\/tveventos.tv.br\/index.php?rest_route=\/wp\/v2\/posts\/4147","targetHints":{"allow":["GET"]}}],"collection":[{"href":"https:\/\/tveventos.tv.br\/index.php?rest_route=\/wp\/v2\/posts"}],"about":[{"href":"https:\/\/tveventos.tv.br\/index.php?rest_route=\/wp\/v2\/types\/post"}],"author":[{"embeddable":true,"href":"https:\/\/tveventos.tv.br\/index.php?rest_route=\/wp\/v2\/users\/2"}],"replies":[{"embeddable":true,"href":"https:\/\/tveventos.tv.br\/index.php?rest_route=%2Fwp%2Fv2%2Fcomments&post=4147"}],"version-history":[{"count":1,"href":"https:\/\/tveventos.tv.br\/index.php?rest_route=\/wp\/v2\/posts\/4147\/revisions"}],"predecessor-version":[{"id":4149,"href":"https:\/\/tveventos.tv.br\/index.php?rest_route=\/wp\/v2\/posts\/4147\/revisions\/4149"}],"wp:featuredmedia":[{"embeddable":true,"href":"https:\/\/tveventos.tv.br\/index.php?rest_route=\/wp\/v2\/media\/4148"}],"wp:attachment":[{"href":"https:\/\/tveventos.tv.br\/index.php?rest_route=%2Fwp%2Fv2%2Fmedia&parent=4147"}],"wp:term":[{"taxonomy":"category","embeddable":true,"href":"https:\/\/tveventos.tv.br\/index.php?rest_route=%2Fwp%2Fv2%2Fcategories&post=4147"},{"taxonomy":"post_tag","embeddable":true,"href":"https:\/\/tveventos.tv.br\/index.php?rest_route=%2Fwp%2Fv2%2Ftags&post=4147"}],"curies":[{"name":"wp","href":"https:\/\/api.w.org\/{rel}","templated":true}]}}