{"id":4150,"date":"2025-01-30T16:39:28","date_gmt":"2025-01-30T19:39:28","guid":{"rendered":"https:\/\/tveventos.tv.br\/?p=4150"},"modified":"2025-01-30T16:39:30","modified_gmt":"2025-01-30T19:39:30","slug":"esquenta-abup-show-feira-abre-o-calendario-2025-e-apresenta-lancamentos-de-utilidades-domesticas-decoracao-e-mesa-posta-confira-algumas-novidades","status":"publish","type":"post","link":"https:\/\/tveventos.tv.br\/?p=4150","title":{"rendered":"ESQUENTA ABUP SHOW: feira abre o calend\u00e1rio 2025 e apresenta lan\u00e7amentos de utilidades dom\u00e9sticas, decora\u00e7\u00e3o e mesa posta. Confira algumas novidades!"},"content":{"rendered":"\n<p class=\"has-text-align-center\"><em>Na celebra\u00e7\u00e3o dos seus 30 anos de trajet\u00f3ria, a Associa\u00e7\u00e3o Brasileira das Empresas de Utilidades e Presentes reunir\u00e1, em S\u00e3o Paulo, mais de 300 expositores para negocia\u00e7\u00f5es com foco no setor B2B. Confira, em primeira m\u00e3o, alguns destaques do evento, que acontecer\u00e1 no in\u00edcio de fevereiro<\/em>.<\/p>\n\n\n\n<p id=\"caption-attachment-34640\">Produtos que estar\u00e3o presentes na feira das empresas Bella Vita, Bella Janela, Oxford, Cortbr\u00e1s e Brinox \/ Divulga\u00e7\u00e3o ABUP<\/p>\n\n\n\n<p>Foi dada a largada! Daqui a menos de um m\u00eas \u2013&nbsp;<strong>entre os dias 2 e 5 de fevereiro<\/strong>&nbsp;\u2013 acontecer\u00e1 a&nbsp;<strong>ABUP SHOW Home \u00b7 Gift \u00b7 T\u00eaxtil \u00b7 Decor<\/strong>, que reunir\u00e1 as principais marcas da ind\u00fastria de utilidades dom\u00e9sticas, mesa posta, decora\u00e7\u00e3o, cama, mesa e banho, t\u00eaxteis decorativos, acess\u00f3rios pet, presentes, artesanato e design autoral brasileiro.<\/p>\n\n\n\n<p>A&nbsp;<strong>ABUP \u2013 Associa\u00e7\u00e3o Brasileira de Empresas de Utilidades e Presentes<\/strong>&nbsp;abre o oficialmente o calend\u00e1rio de neg\u00f3cios no setor de casa com a realiza\u00e7\u00e3o do evento, que contar\u00e1 com mais de&nbsp;<strong>300 expositores<\/strong>&nbsp;de todo o pa\u00eds, que ocupar\u00e3o os 70 mil m\u00b2 do&nbsp;<strong>rec\u00e9m-inaugurado Distrito Anhembi<\/strong>, na capital paulista. J\u00e1 est\u00e3o confirmadas as participa\u00e7\u00f5es de grandes empresas como 6f Decora\u00e7\u00f5es, Casa Bonita, Corttex, Grupo Brinox, Imeltron, Invicta, Karsten, Mcassab, Nadir, Oxford, Plas\u00fatil, Sanremo, Tramontina, Riva, entre muitas outras.<\/p>\n\n\n\n<p>Com o novo formato de feira que conectar\u00e1 todos os segmentos em um mesmo local, o evento tamb\u00e9m marcar\u00e1 o in\u00edcio das celebra\u00e7\u00f5es do&nbsp;<strong>anivers\u00e1rio de 30 anos<\/strong>&nbsp;da ABUP. Diante de&nbsp;<strong>um mundo pujante e repleto de mudan\u00e7as, o marco das tr\u00eas d\u00e9cadas inspirou a associa\u00e7\u00e3o a realizar o rebranding da marca. Com a assinatura \u201c<em>Conectando talentos com sucesso<\/em>\u201d, a mensagem robustece o compromisso a que se prop\u00f5e: ser o elo que conecta seus associados \u2013 fabricantes, importadores, distribuidores, designers e artes\u00e3os \u2013, com lojistas e profissionais da \u00e1rea.<\/strong><\/p>\n\n\n\n<p><strong>\u201c<em>Nosso des\u00edgnio sempre foi o de fomentar as negocia\u00e7\u00f5es B2B dos nossos associados. Muito mais que realizar as feiras que se efetivaram como uma vitrine que revela as tend\u00eancias para toda a casa, carregamos a expertise de unir e valorizar essas pontas t\u00e3o importantes do mercado\u201d,&nbsp;<\/em>destaca Jamil Rima, presidente da ABUP.<\/strong><\/p>\n\n\n\n<p><strong>Confira, em primeira m\u00e3o, algumas novidades que ser\u00e3o apresentadas na ABUP SHOW:<\/strong><\/p>\n\n\n\n<p><strong>Bella Vita<\/strong><\/p>\n\n\n\n<figure class=\"wp-block-image size-full\"><img loading=\"lazy\" decoding=\"async\" width=\"527\" height=\"527\" src=\"https:\/\/tveventos.tv.br\/wp-content\/uploads\/2025\/01\/image.png\" alt=\"\" class=\"wp-image-4151\" srcset=\"https:\/\/tveventos.tv.br\/wp-content\/uploads\/2025\/01\/image.png 527w, https:\/\/tveventos.tv.br\/wp-content\/uploads\/2025\/01\/image-300x300.png 300w, https:\/\/tveventos.tv.br\/wp-content\/uploads\/2025\/01\/image-150x150.png 150w, https:\/\/tveventos.tv.br\/wp-content\/uploads\/2025\/01\/image-420x420.png 420w\" sizes=\"auto, (max-width: 527px) 100vw, 527px\" \/><\/figure>\n\n\n\n<p id=\"caption-attachment-34641\">Divulga\u00e7\u00e3o Bella Vita e ABUP<\/p>\n\n\n\n<p><strong>Acompanhando a febre de cores vibrantes, que estar\u00e1 em alta em 2025, a Bella Vita apresenta a cole\u00e7\u00e3o Chelsea Estate (1779) com porcelanas Noritake de&nbsp;<\/strong>alt\u00edssima qualidade, com design exclusivo de flores de l\u00f3tus real\u00e7adas por cores vivas. Pe\u00e7as ideais para uso di\u00e1rio. Mais informa\u00e7\u00f5es:&nbsp;<a href=\"http:\/\/www.bellavita.com.br\/\">www.bellavita.com.br<\/a><\/p>\n\n\n\n<p><strong>Baci Milano<\/strong><\/p>\n\n\n\n<figure class=\"wp-block-image size-full\"><img loading=\"lazy\" decoding=\"async\" width=\"230\" height=\"230\" src=\"https:\/\/tveventos.tv.br\/wp-content\/uploads\/2025\/01\/image-1.png\" alt=\"\" class=\"wp-image-4152\" srcset=\"https:\/\/tveventos.tv.br\/wp-content\/uploads\/2025\/01\/image-1.png 230w, https:\/\/tveventos.tv.br\/wp-content\/uploads\/2025\/01\/image-1-150x150.png 150w\" sizes=\"auto, (max-width: 230px) 100vw, 230px\" \/><\/figure>\n\n\n\n<p id=\"caption-attachment-34642\">Divulga\u00e7\u00e3o Baci Milano e ABUP<\/p>\n\n\n\n<p>Estreante nas feiras da ABUP,<strong>&nbsp;a Baci Milano&nbsp;<\/strong>tamb\u00e9m apresenta cores alegres e perfeitas para um almo\u00e7o de Ver\u00e3o. A&nbsp;<strong>cole\u00e7\u00e3o Amazzonia&nbsp;<\/strong>celebra as maravilhas da natureza.<br>Materiais e acabamentos preciosos, flores, folhas e borboletas se alternam com harmonia crom\u00e1tica e espacial. Dispon\u00edvel em porcelana e melamina. Mais informa\u00e7\u00f5es:&nbsp;<a href=\"http:\/\/www.bacimilano.com.br\/\">www.bacimilano.com.br<\/a><\/p>\n\n\n\n<p><strong>Brinox<\/strong><\/p>\n\n\n\n<figure class=\"wp-block-image size-full\"><img loading=\"lazy\" decoding=\"async\" width=\"419\" height=\"631\" src=\"https:\/\/tveventos.tv.br\/wp-content\/uploads\/2025\/01\/image-2.png\" alt=\"\" class=\"wp-image-4153\" srcset=\"https:\/\/tveventos.tv.br\/wp-content\/uploads\/2025\/01\/image-2.png 419w, https:\/\/tveventos.tv.br\/wp-content\/uploads\/2025\/01\/image-2-199x300.png 199w, https:\/\/tveventos.tv.br\/wp-content\/uploads\/2025\/01\/image-2-279x420.png 279w\" sizes=\"auto, (max-width: 419px) 100vw, 419px\" \/><\/figure>\n\n\n\n<p id=\"caption-attachment-34643\">Divulga\u00e7\u00e3o Brinox e ABUP<\/p>\n\n\n\n<p>Para uma rotina mais pr\u00e1tica,<strong>&nbsp;a Brinox apresenta a panela de press\u00e3o Pressure<\/strong>, na cor vanilla, com revestimento antiaderente cer\u00e2mico, 4 dispositivos de seguran\u00e7a, compat\u00edvel com todos os tipos de fog\u00f5es (inclusive o de indu\u00e7\u00e3o) e fechamento externo. Mais informa\u00e7\u00f5es:&nbsp;<a href=\"http:\/\/www.brinox.com.br\/\">www.brinox.com.br<\/a><\/p>\n\n\n\n<p><strong>Globimport<\/strong><\/p>\n\n\n\n<figure class=\"wp-block-image size-full\"><img loading=\"lazy\" decoding=\"async\" width=\"550\" height=\"550\" src=\"https:\/\/tveventos.tv.br\/wp-content\/uploads\/2025\/01\/image-3.png\" alt=\"\" class=\"wp-image-4154\" srcset=\"https:\/\/tveventos.tv.br\/wp-content\/uploads\/2025\/01\/image-3.png 550w, https:\/\/tveventos.tv.br\/wp-content\/uploads\/2025\/01\/image-3-300x300.png 300w, https:\/\/tveventos.tv.br\/wp-content\/uploads\/2025\/01\/image-3-150x150.png 150w, https:\/\/tveventos.tv.br\/wp-content\/uploads\/2025\/01\/image-3-420x420.png 420w\" sizes=\"auto, (max-width: 550px) 100vw, 550px\" \/><\/figure>\n\n\n\n<p id=\"caption-attachment-34644\">Divulga\u00e7\u00e3o Globimport e ABUP<\/p>\n\n\n\n<p>A&nbsp;<strong>Globimport traz ao Brasil o kit com 4 facas da Linha Origem, da Bergner<\/strong>. Os produtos s\u00e3o feitos de a\u00e7o Inoxid\u00e1vel, cabo com detalhes amartelados, garantindo uma pega mais firme e segura ao usu\u00e1rio. Mais informa\u00e7\u00f5es:&nbsp;<a href=\"http:\/\/www.globimport.com.br\/\">www.globimport.com.br<\/a><\/p>\n\n\n\n<p><strong>Oxford<\/strong><\/p>\n\n\n\n<p id=\"caption-attachment-34644\">Divulga\u00e7\u00e3o Globimport e ABUP<\/p>\n\n\n\n<p>A&nbsp;<strong>Globimport traz ao Brasil o kit com 4 facas da Linha Origem, da Bergner<\/strong>. Os produtos s\u00e3o feitos de a\u00e7o Inoxid\u00e1vel, cabo com detalhes amartelados, garantindo uma pega mais firme e segura ao usu\u00e1rio. Mais informa\u00e7\u00f5es:&nbsp;<a href=\"http:\/\/www.globimport.com.br\/\">www.globimport.com.br<\/a><\/p>\n\n\n\n<p><strong>Oxford<\/strong><\/p>\n\n\n\n<figure class=\"wp-block-image size-full\"><img loading=\"lazy\" decoding=\"async\" width=\"575\" height=\"575\" src=\"https:\/\/tveventos.tv.br\/wp-content\/uploads\/2025\/01\/image-5.png\" alt=\"\" class=\"wp-image-4156\" srcset=\"https:\/\/tveventos.tv.br\/wp-content\/uploads\/2025\/01\/image-5.png 575w, https:\/\/tveventos.tv.br\/wp-content\/uploads\/2025\/01\/image-5-300x300.png 300w, https:\/\/tveventos.tv.br\/wp-content\/uploads\/2025\/01\/image-5-150x150.png 150w, https:\/\/tveventos.tv.br\/wp-content\/uploads\/2025\/01\/image-5-420x420.png 420w\" sizes=\"auto, (max-width: 575px) 100vw, 575px\" \/><\/figure>\n\n\n\n<p id=\"caption-attachment-34645\">Divulga\u00e7\u00e3o Oxford e ABUP<\/p>\n\n\n\n<p>Seguindo o sucesso dos tons terrosos, a&nbsp;<strong>Oxford apresenta os pratos Marte, dispon\u00edveis em diferentes tamanhos<\/strong>. A Oxford Lab prop\u00f5e a ressignifica\u00e7\u00e3o do ser e estar. As pe\u00e7as em cer\u00e2mica s\u00e3o feitas \u00e0 m\u00e3o, buscando o v\u00ednculo entre o design e o afeto em cada detalhe. Formas org\u00e2nicas trazem a beleza do imperfeito e prop\u00f5em \u00e0 conex\u00e3o com o cotidiano.&nbsp;Mais informa\u00e7\u00f5es:&nbsp;<a href=\"http:\/\/www.oxfordporcelanas.com.br\/\">www.oxfordporcelanas.com.br<\/a><\/p>\n\n\n\n<p><strong>Cortbr\u00e1s<\/strong><\/p>\n\n\n\n<figure class=\"wp-block-image size-full\"><img loading=\"lazy\" decoding=\"async\" width=\"754\" height=\"502\" src=\"https:\/\/tveventos.tv.br\/wp-content\/uploads\/2025\/01\/image-6.png\" alt=\"\" class=\"wp-image-4157\" srcset=\"https:\/\/tveventos.tv.br\/wp-content\/uploads\/2025\/01\/image-6.png 754w, https:\/\/tveventos.tv.br\/wp-content\/uploads\/2025\/01\/image-6-300x200.png 300w, https:\/\/tveventos.tv.br\/wp-content\/uploads\/2025\/01\/image-6-631x420.png 631w, https:\/\/tveventos.tv.br\/wp-content\/uploads\/2025\/01\/image-6-696x463.png 696w\" sizes=\"auto, (max-width: 754px) 100vw, 754px\" \/><\/figure>\n\n\n\n<p id=\"caption-attachment-34646\">Divulga\u00e7\u00e3o Cortbr\u00e1s e ABUP<\/p>\n\n\n\n<p><strong>Bordados e elementos da natureza agu\u00e7am as mem\u00f3rias afetivas e continuam em alta no d\u00e9cor. Pensando nisso, a Cortbr\u00e1s leva para a feira as almofadas bordadas em chenile e com tecidos sobrepostos,&nbsp;<\/strong>no tamanho 50x50cm. A composi\u00e7\u00e3o do enchimento \u00e9 de fibra siliconada. Mais informa\u00e7\u00f5es:&nbsp;<a href=\"http:\/\/www.cortbras.com.br\/\">www.cortbras.com.br<\/a><\/p>\n\n\n\n<p><strong>Bella Janela<\/strong><\/p>\n\n\n\n<figure class=\"wp-block-image size-full\"><img loading=\"lazy\" decoding=\"async\" width=\"520\" height=\"771\" src=\"https:\/\/tveventos.tv.br\/wp-content\/uploads\/2025\/01\/image-7.png\" alt=\"\" class=\"wp-image-4158\" srcset=\"https:\/\/tveventos.tv.br\/wp-content\/uploads\/2025\/01\/image-7.png 520w, https:\/\/tveventos.tv.br\/wp-content\/uploads\/2025\/01\/image-7-202x300.png 202w, https:\/\/tveventos.tv.br\/wp-content\/uploads\/2025\/01\/image-7-283x420.png 283w\" sizes=\"auto, (max-width: 520px) 100vw, 520px\" \/><\/figure>\n\n\n\n<p id=\"caption-attachment-34647\">Divulga\u00e7\u00e3o Bella Janela e ABUP<\/p>\n\n\n\n<p>Para criar uma atmosfera suave no lar, a&nbsp;<strong>Bella Janela<\/strong>&nbsp;tem como sugest\u00e3o a cortina&nbsp;<strong>Nice (Duplex, Duo e Pratika).&nbsp;<\/strong>Possui voil com um sutil detalhe em fio boucle. \u00c9 uma pe\u00e7a elegante e funcional, ideal para compor ambientes com sofistica\u00e7\u00e3o e leveza. Mais informa\u00e7\u00f5es:&nbsp;<a href=\"http:\/\/www.bellajanela.com.br\/\">www.bellajanela.com.br<\/a><\/p>\n\n\n\n<p><strong>Adomes<\/strong><\/p>\n\n\n\n<figure class=\"wp-block-image size-full\"><img loading=\"lazy\" decoding=\"async\" width=\"584\" height=\"543\" src=\"https:\/\/tveventos.tv.br\/wp-content\/uploads\/2025\/01\/image-8.png\" alt=\"\" class=\"wp-image-4159\" srcset=\"https:\/\/tveventos.tv.br\/wp-content\/uploads\/2025\/01\/image-8.png 584w, https:\/\/tveventos.tv.br\/wp-content\/uploads\/2025\/01\/image-8-300x279.png 300w, https:\/\/tveventos.tv.br\/wp-content\/uploads\/2025\/01\/image-8-452x420.png 452w\" sizes=\"auto, (max-width: 584px) 100vw, 584px\" \/><\/figure>\n\n\n\n<p id=\"caption-attachment-34648\">Divulga\u00e7\u00e3o Adomes e ABUP<\/p>\n\n\n\n<p>Tamb\u00e9m fazendo sua estreia no evento,&nbsp;<strong>a Adomes<\/strong>, especialista em cama, mesa e banho,<strong>&nbsp;apresenta peseiras feitas em tricot e dispon\u00edveis em 6 diferentes cores.&nbsp;<\/strong>As pe\u00e7as s\u00e3o capazes de transformar a decora\u00e7\u00e3o de um quarto ou de uma sala de estar. Mais informa\u00e7\u00f5es:&nbsp;<a href=\"http:\/\/www.adomes.com.br\/\">www.adomes.com.br<\/a><\/p>\n\n\n\n<p><strong>LENVIE<\/strong><\/p>\n\n\n\n<figure class=\"wp-block-image size-full\"><img loading=\"lazy\" decoding=\"async\" width=\"456\" height=\"659\" src=\"https:\/\/tveventos.tv.br\/wp-content\/uploads\/2025\/01\/image-9.png\" alt=\"\" class=\"wp-image-4160\" srcset=\"https:\/\/tveventos.tv.br\/wp-content\/uploads\/2025\/01\/image-9.png 456w, https:\/\/tveventos.tv.br\/wp-content\/uploads\/2025\/01\/image-9-208x300.png 208w, https:\/\/tveventos.tv.br\/wp-content\/uploads\/2025\/01\/image-9-291x420.png 291w\" sizes=\"auto, (max-width: 456px) 100vw, 456px\" \/><\/figure>\n\n\n\n<p id=\"caption-attachment-34649\">Divulga\u00e7\u00e3o LENVIE e ABUP<\/p>\n\n\n\n<p>Para perfumar a casa em 2025,&nbsp;<strong>a LENVIE traz a fragr\u00e2ncia Alecrim Mediterr\u00e2neo em velas e em um \u00f3leo concentrado<\/strong>, op\u00e7\u00f5es perfeitas para transformar ambientes. Com perfil olfativo verde, floral e arom\u00e1tico, Alecrim Mediterr\u00e2neo combina o frescor do alecrim, toques florais elegantes e uma base revigorante. Mais informa\u00e7\u00f5es:&nbsp;<a href=\"http:\/\/www.lenvieparfums.com\/\">www.lenvieparfums.com<\/a><\/p>\n\n\n\n<p><strong>Cristais Tavares<\/strong><\/p>\n\n\n\n<figure class=\"wp-block-image size-full\"><img loading=\"lazy\" decoding=\"async\" width=\"561\" height=\"561\" src=\"https:\/\/tveventos.tv.br\/wp-content\/uploads\/2025\/01\/image-10.png\" alt=\"\" class=\"wp-image-4161\" srcset=\"https:\/\/tveventos.tv.br\/wp-content\/uploads\/2025\/01\/image-10.png 561w, https:\/\/tveventos.tv.br\/wp-content\/uploads\/2025\/01\/image-10-300x300.png 300w, https:\/\/tveventos.tv.br\/wp-content\/uploads\/2025\/01\/image-10-150x150.png 150w, https:\/\/tveventos.tv.br\/wp-content\/uploads\/2025\/01\/image-10-420x420.png 420w\" sizes=\"auto, (max-width: 561px) 100vw, 561px\" \/><\/figure>\n\n\n\n<p id=\"caption-attachment-34650\">Divulga\u00e7\u00e3o Cristais Tavares e ABUP<\/p>\n\n\n\n<p>Passando para a \u00e1rea de objetos decorativos, a&nbsp;<strong>Cristais Tavares<\/strong>&nbsp;traz todo o encanto da Gota Lighthouse, na cor marfim, dispon\u00edvel em diferentes tamanhos. Al\u00e9m da Trouxinha Love, na cor Rosa Candy (14cm x 14cm \u2013 tamanho M). Mais informa\u00e7\u00f5es:&nbsp;<a href=\"http:\/\/www.cristaistavares.com.br\/\">www.cristaistavares.com.br<\/a><\/p>\n\n\n\n<p><strong>Boas expectativas para 2025<\/strong><\/p>\n\n\n\n<p>Com um mercado aquecido e que segue em ascens\u00e3o, a ABUP v\u00ea boas perspectivas de crescimento. Em geral, o brasileiro segue \u00e1vido por viver novas experi\u00eancias e est\u00e1 sempre em busca de novos itens que facilitem a vida cotidiana e que ativem a satisfa\u00e7\u00e3o e bem-estar.<\/p>\n\n\n\n<p>Com foco no B2B, as inscri\u00e7\u00f5es para profissionais do setor e imprensa podem ser feitas atrav\u00e9s do site:&nbsp;<a href=\"https:\/\/bit.ly\/AbupShowPress\">https:\/\/bit.ly\/AbupShowPress<\/a><\/p>\n\n\n\n<p><strong>Servi\u00e7o:<\/strong><\/p>\n\n\n\n<p><strong>ABUP SHOW Home \u00b7 Gift \u00b7 T\u00eaxtil \u00b7 D\u00e9cor<\/strong><\/p>\n\n\n\n<p>De 2 a 4 de fevereiro, das 9h \u00e0s 19h.<\/p>\n\n\n\n<p>Dia 5 de fevereiro, das 9h \u00e0s 17h.<\/p>\n\n\n\n<p>Local: Distrito Anhembi \u2013 Av. Olavo Fontoura, 1209 \u2013 Santana \/ S\u00e3o Paulo \u2013 SP<\/p>\n\n\n\n<p>Mais informa\u00e7\u00f5es e cadastramento:&nbsp;<a href=\"http:\/\/www.abup.com.br\/abup-show\">www.abup.com.br\/abup-show<\/a><\/p>\n\n\n\n<p><strong>Sobre a ABUP \u2013 Associa\u00e7\u00e3o Brasileira das Empresas de Utilidades e Presentes<\/strong><\/p>\n\n\n\n<p>Com sede em S\u00e3o Paulo, a ABUP \u2013 Associa\u00e7\u00e3o Brasileira de Empresas de Utilidades e Presentes \u2013 \u00e9 uma associa\u00e7\u00e3o sem fins lucrativos formada por um grupo de empresas que atuam no segmento CASA, h\u00e1 quase 3 d\u00e9cadas. No esfor\u00e7o de crescimento e supera\u00e7\u00e3o cont\u00ednuos, proporciona um interc\u00e2mbio de ideias e relacionamentos, incentiva e estimula o empreendedorismo de seus associados. Atrav\u00e9s de suas iniciativas, realiza eventos, os mais importantes sal\u00f5es de neg\u00f3cios nacionais do setor, impulsiona seus expositores de forma internacional e contribui para o crescimento da economia brasileira.<\/p>\n\n\n\n<p>www.abup.com.br \/ abup@abup.com.br<\/p>\n","protected":false},"excerpt":{"rendered":"<p>Na celebra\u00e7\u00e3o dos seus 30 anos de trajet\u00f3ria, a Associa\u00e7\u00e3o Brasileira das Empresas de Utilidades e Presentes reunir\u00e1, em S\u00e3o Paulo, mais de 300 expositores para negocia\u00e7\u00f5es com foco no setor B2B. Confira, em primeira m\u00e3o, alguns destaques do evento, que acontecer\u00e1 no in\u00edcio de fevereiro. Produtos que estar\u00e3o presentes na feira das empresas Bella [&hellip;]<\/p>\n","protected":false},"author":2,"featured_media":4162,"comment_status":"open","ping_status":"open","sticky":false,"template":"","format":"standard","meta":{"footnotes":""},"categories":[23],"tags":[],"class_list":{"0":"post-4150","1":"post","2":"type-post","3":"status-publish","4":"format-standard","5":"has-post-thumbnail","7":"category-feirasdenegocios"},"_links":{"self":[{"href":"https:\/\/tveventos.tv.br\/index.php?rest_route=\/wp\/v2\/posts\/4150","targetHints":{"allow":["GET"]}}],"collection":[{"href":"https:\/\/tveventos.tv.br\/index.php?rest_route=\/wp\/v2\/posts"}],"about":[{"href":"https:\/\/tveventos.tv.br\/index.php?rest_route=\/wp\/v2\/types\/post"}],"author":[{"embeddable":true,"href":"https:\/\/tveventos.tv.br\/index.php?rest_route=\/wp\/v2\/users\/2"}],"replies":[{"embeddable":true,"href":"https:\/\/tveventos.tv.br\/index.php?rest_route=%2Fwp%2Fv2%2Fcomments&post=4150"}],"version-history":[{"count":1,"href":"https:\/\/tveventos.tv.br\/index.php?rest_route=\/wp\/v2\/posts\/4150\/revisions"}],"predecessor-version":[{"id":4163,"href":"https:\/\/tveventos.tv.br\/index.php?rest_route=\/wp\/v2\/posts\/4150\/revisions\/4163"}],"wp:featuredmedia":[{"embeddable":true,"href":"https:\/\/tveventos.tv.br\/index.php?rest_route=\/wp\/v2\/media\/4162"}],"wp:attachment":[{"href":"https:\/\/tveventos.tv.br\/index.php?rest_route=%2Fwp%2Fv2%2Fmedia&parent=4150"}],"wp:term":[{"taxonomy":"category","embeddable":true,"href":"https:\/\/tveventos.tv.br\/index.php?rest_route=%2Fwp%2Fv2%2Fcategories&post=4150"},{"taxonomy":"post_tag","embeddable":true,"href":"https:\/\/tveventos.tv.br\/index.php?rest_route=%2Fwp%2Fv2%2Ftags&post=4150"}],"curies":[{"name":"wp","href":"https:\/\/api.w.org\/{rel}","templated":true}]}}