{"id":4164,"date":"2025-02-03T14:31:27","date_gmt":"2025-02-03T17:31:27","guid":{"rendered":"https:\/\/tveventos.tv.br\/?p=4164"},"modified":"2025-02-03T14:31:28","modified_gmt":"2025-02-03T17:31:28","slug":"barretos-70-anos-a-maior-festa-do-peao-do-brasil-celebra-sua-historia-em-um-cruzeiro-exclusivo-em-2025","status":"publish","type":"post","link":"https:\/\/tveventos.tv.br\/?p=4164","title":{"rendered":"Barretos 70 Anos: a maior festa do pe\u00e3o do Brasil celebra sua hist\u00f3ria em um cruzeiro exclusivo em 2025"},"content":{"rendered":"\n<p class=\"has-text-align-center\"><em>Apresentado pela PromoA\u00e7\u00e3o, l\u00edder mundial em cruzeiros tem\u00e1ticos e festivais em alto-mar, o evento acontece de 28 de novembro a 1\u00ba de dezembro<\/em>.<\/p>\n\n\n\n<p>Em 2025, a ic\u00f4nica Festa do Pe\u00e3o de Barretos completa 70 anos e prepara uma comemora\u00e7\u00e3o hist\u00f3rica e in\u00e9dita: um cruzeiro tem\u00e1tico em alto-mar. Entre os dias 28 de novembro e 1\u00ba de dezembro, f\u00e3s da m\u00fasica sertaneja e da cultura do \u2018Barret\u00e3o\u2019 poder\u00e3o embarcar no MSC Preziosa, um dos transatl\u00e2nticos mais sofisticados do mundo, para viver dias de festa, tradi\u00e7\u00e3o e entretenimento em um cen\u00e1rio paradis\u00edaco.<\/p>\n\n\n\n<p>Realizado pela PromoA\u00e7\u00e3o, que conta com mais de 20 anos de expertise em criar eventos que misturam m\u00fasica, lazer e experi\u00eancias exclusivas. O Navio Barretos 70 Anos ser\u00e1 uma experi\u00eancia inesquec\u00edvel, a bordo, os h\u00f3spedes poder\u00e3o aproveitar uma infraestrutura de alto padr\u00e3o que inclui: a famosa escadaria de cristais Swarovski, s\u00edmbolo de sofistica\u00e7\u00e3o e glamour, o exclusivo MSC Yacht Club, um espa\u00e7o VIP com servi\u00e7os privativos e vista panor\u00e2mica, restaurantes gourmets com menus elaborados por chefs renomados, um teatro com tecnologia de ponta, que promete surpreender os passageiros com shows e apresenta\u00e7\u00f5es, Spa completo, cassino, discoteca, o Vertigo, o maior tobo\u00e1gua dos mares, para os mais aventureiros e claro, mais de 72 horas de muita m\u00fasica e curti\u00e7\u00e3o.<br>&nbsp;<\/p>\n\n\n\n<p>Al\u00e9m da infraestrutura de luxo, o cruzeiro ser\u00e1 todo personalizado para homenagear os 70 anos da Festa do Pe\u00e3o de Barretos. Os espa\u00e7os ganhar\u00e3o decora\u00e7\u00e3o tem\u00e1tica que remete ao universo sertanejo, e a programa\u00e7\u00e3o incluir\u00e1 atividades que celebram Barretos.<\/p>\n\n\n\n<p>Os detalhes sobre as atra\u00e7\u00f5es musicais e a programa\u00e7\u00e3o completa ser\u00e3o divulgados em breve, mas j\u00e1 \u00e9 certo que esta ser\u00e1 uma das maiores comemora\u00e7\u00f5es j\u00e1 realizadas na hist\u00f3ria da Festa do Pe\u00e3o de Barretos.<\/p>\n\n\n\n<p>Mais informa\u00e7\u00f5es:&nbsp;<a href=\"https:\/\/naviobarretos70anos.com.br\/\" target=\"_blank\" rel=\"noreferrer noopener\">Site oficial Navio Barretos 70 anos<\/a><\/p>\n","protected":false},"excerpt":{"rendered":"<p>Apresentado pela PromoA\u00e7\u00e3o, l\u00edder mundial em cruzeiros tem\u00e1ticos e festivais em alto-mar, o evento acontece de 28 de novembro a 1\u00ba de dezembro. Em 2025, a ic\u00f4nica Festa do Pe\u00e3o de Barretos completa 70 anos e prepara uma comemora\u00e7\u00e3o hist\u00f3rica e in\u00e9dita: um cruzeiro tem\u00e1tico em alto-mar. Entre os dias 28 de novembro e 1\u00ba [&hellip;]<\/p>\n","protected":false},"author":2,"featured_media":4165,"comment_status":"open","ping_status":"open","sticky":false,"template":"","format":"standard","meta":{"footnotes":""},"categories":[23],"tags":[],"class_list":{"0":"post-4164","1":"post","2":"type-post","3":"status-publish","4":"format-standard","5":"has-post-thumbnail","7":"category-feirasdenegocios"},"_links":{"self":[{"href":"https:\/\/tveventos.tv.br\/index.php?rest_route=\/wp\/v2\/posts\/4164","targetHints":{"allow":["GET"]}}],"collection":[{"href":"https:\/\/tveventos.tv.br\/index.php?rest_route=\/wp\/v2\/posts"}],"about":[{"href":"https:\/\/tveventos.tv.br\/index.php?rest_route=\/wp\/v2\/types\/post"}],"author":[{"embeddable":true,"href":"https:\/\/tveventos.tv.br\/index.php?rest_route=\/wp\/v2\/users\/2"}],"replies":[{"embeddable":true,"href":"https:\/\/tveventos.tv.br\/index.php?rest_route=%2Fwp%2Fv2%2Fcomments&post=4164"}],"version-history":[{"count":1,"href":"https:\/\/tveventos.tv.br\/index.php?rest_route=\/wp\/v2\/posts\/4164\/revisions"}],"predecessor-version":[{"id":4166,"href":"https:\/\/tveventos.tv.br\/index.php?rest_route=\/wp\/v2\/posts\/4164\/revisions\/4166"}],"wp:featuredmedia":[{"embeddable":true,"href":"https:\/\/tveventos.tv.br\/index.php?rest_route=\/wp\/v2\/media\/4165"}],"wp:attachment":[{"href":"https:\/\/tveventos.tv.br\/index.php?rest_route=%2Fwp%2Fv2%2Fmedia&parent=4164"}],"wp:term":[{"taxonomy":"category","embeddable":true,"href":"https:\/\/tveventos.tv.br\/index.php?rest_route=%2Fwp%2Fv2%2Fcategories&post=4164"},{"taxonomy":"post_tag","embeddable":true,"href":"https:\/\/tveventos.tv.br\/index.php?rest_route=%2Fwp%2Fv2%2Ftags&post=4164"}],"curies":[{"name":"wp","href":"https:\/\/api.w.org\/{rel}","templated":true}]}}