{"id":4168,"date":"2025-02-03T15:52:44","date_gmt":"2025-02-03T18:52:44","guid":{"rendered":"https:\/\/tveventos.tv.br\/?p=4168"},"modified":"2025-02-03T15:52:45","modified_gmt":"2025-02-03T18:52:45","slug":"enics-2025-espera-receber-mais-de-4-mil-visitantes-em-abril","status":"publish","type":"post","link":"https:\/\/tveventos.tv.br\/?p=4168","title":{"rendered":"ENICS 2025 espera receber mais de 4 mil visitantes em abril"},"content":{"rendered":"\n<p>O Encontro Nacional de Inova\u00e7\u00e3o na Constru\u00e7\u00e3o a Seco \u2013 ENICS \u2013 est\u00e1 com inscri\u00e7\u00f5es abertas a expositores e visitantes que desejam participar de sua 7\u00aa edi\u00e7\u00e3o.<\/p>\n\n\n\n<p>O evento ser\u00e1 realizado nos dias 24 e 25 de abril no Expo Center Norte. A expectativa \u00e9 de que mais de 4 mil pessoas s\u00e3o esperadas no evento, que ter\u00e1 como tema a \u201cRevolu\u00e7\u00e3o da Constru\u00e7\u00e3o Tecnol\u00f3gica\u201d.<\/p>\n\n\n\n<p>No pavilh\u00e3o, estar\u00e3o alguns convidados especiais, como o empres\u00e1rio Felipe Titto, e profissionais que s\u00e3o refer\u00eancia no setor.<\/p>\n\n\n\n<p>Em seis anos, j\u00e1 reuniu mais de 8 mil visitantes e 90 expositores, al\u00e9m de somar mais de 300 horas de conte\u00fado, entre palestras e workshops.<\/p>\n\n\n\n<p>\u201cO ENICS tem como prop\u00f3sito romper com todos os limites que ainda tentam segurar a expans\u00e3o do mercado de constru\u00e7\u00e3o a seco no Brasil\u201d, afirma Caroline Siqueira, diretora do evento.<\/p>\n\n\n\n<p>\u201cNele, mostramos a evolu\u00e7\u00e3o na maneira de construir e todas as solu\u00e7\u00f5es para as dores de um mercado que parou no tempo e se prendeu ao convencional\u201d, completa.<\/p>\n\n\n\n<p>Em 2025, a feira trar\u00e1 grandes novidades. Uma delas \u00e9 a Batalha de Sistemas \u2013 uma competi\u00e7\u00e3o em tempo real que consistir\u00e1 na constru\u00e7\u00e3o de casas ao vivo utilizando diferentes m\u00e9todos construtivos: Steel Frame, Wood Frame, Painel de Concreto Leve (Lightwall) e Alvenaria.<\/p>\n\n\n\n<p>A ideia \u00e9 mostrar o tempo e os recursos que cada sistema requer. Outra estreia \u00e9 a Arena Tech Constru\u00e7\u00e3o, um espa\u00e7o dedicado \u00e0 inova\u00e7\u00e3o e tecnologia aplicadas ao setor.<\/p>\n\n\n\n<p>O local reunir\u00e1 palestras e as \u00faltimas tend\u00eancias e solu\u00e7\u00f5es que est\u00e3o transformando o mercado.<\/p>\n\n\n\n<p>Os palestrantes tamb\u00e9m participar\u00e3o de epis\u00f3dios ao vivo do Podcast ENICS, gravado no pavilh\u00e3o em uma estrutura moderna e interativa, gerando discuss\u00f5es ricas e insights \u00fanicos.<\/p>\n\n\n\n<p>Os ingressos para o 7\u00ba ENICS custam R$ 150 para estudantes e R$ 250 para profissionais.<\/p>\n\n\n\n<p>O evento oferece, ainda, o ENICS BLACK, uma experi\u00eancia diferenciada e exclusiva, com mais de 20 horas de conte\u00fado presencial e encontros de networking entre os inscritos, com expectativa de gera\u00e7\u00e3o de neg\u00f3cios dentro do evento.<\/p>\n\n\n\n<p>Quem adquirir esse ingresso, ainda ter\u00e1 direito a assistir a um pocket show do cantor Lucas Lucco.<\/p>\n\n\n\n<p><strong>SERVI\u00c7O<\/strong><\/p>\n\n\n\n<p>Data: 24 e 25 de abril<\/p>\n\n\n\n<p>Local: Expo Center Norte \u2013 Pavilh\u00e3o Amarelo<\/p>\n\n\n\n<p>Endere\u00e7o: Av. Otto Baumgart, n\u00ba 1.000 | Vila Guilherme, S\u00e3o Paulo \u2013 SP<\/p>\n\n\n\n<p>Site:&nbsp;<a href=\"http:\/\/www.enics.com.br\/\" target=\"_blank\" rel=\"noreferrer noopener\">www.enics.com.br<\/a><\/p>\n","protected":false},"excerpt":{"rendered":"<p>O Encontro Nacional de Inova\u00e7\u00e3o na Constru\u00e7\u00e3o a Seco \u2013 ENICS \u2013 est\u00e1 com inscri\u00e7\u00f5es abertas a expositores e visitantes que desejam participar de sua 7\u00aa edi\u00e7\u00e3o. O evento ser\u00e1 realizado nos dias 24 e 25 de abril no Expo Center Norte. A expectativa \u00e9 de que mais de 4 mil pessoas s\u00e3o esperadas no [&hellip;]<\/p>\n","protected":false},"author":2,"featured_media":4169,"comment_status":"open","ping_status":"open","sticky":false,"template":"","format":"standard","meta":{"footnotes":""},"categories":[23],"tags":[],"class_list":{"0":"post-4168","1":"post","2":"type-post","3":"status-publish","4":"format-standard","5":"has-post-thumbnail","7":"category-feirasdenegocios"},"_links":{"self":[{"href":"https:\/\/tveventos.tv.br\/index.php?rest_route=\/wp\/v2\/posts\/4168","targetHints":{"allow":["GET"]}}],"collection":[{"href":"https:\/\/tveventos.tv.br\/index.php?rest_route=\/wp\/v2\/posts"}],"about":[{"href":"https:\/\/tveventos.tv.br\/index.php?rest_route=\/wp\/v2\/types\/post"}],"author":[{"embeddable":true,"href":"https:\/\/tveventos.tv.br\/index.php?rest_route=\/wp\/v2\/users\/2"}],"replies":[{"embeddable":true,"href":"https:\/\/tveventos.tv.br\/index.php?rest_route=%2Fwp%2Fv2%2Fcomments&post=4168"}],"version-history":[{"count":1,"href":"https:\/\/tveventos.tv.br\/index.php?rest_route=\/wp\/v2\/posts\/4168\/revisions"}],"predecessor-version":[{"id":4170,"href":"https:\/\/tveventos.tv.br\/index.php?rest_route=\/wp\/v2\/posts\/4168\/revisions\/4170"}],"wp:featuredmedia":[{"embeddable":true,"href":"https:\/\/tveventos.tv.br\/index.php?rest_route=\/wp\/v2\/media\/4169"}],"wp:attachment":[{"href":"https:\/\/tveventos.tv.br\/index.php?rest_route=%2Fwp%2Fv2%2Fmedia&parent=4168"}],"wp:term":[{"taxonomy":"category","embeddable":true,"href":"https:\/\/tveventos.tv.br\/index.php?rest_route=%2Fwp%2Fv2%2Fcategories&post=4168"},{"taxonomy":"post_tag","embeddable":true,"href":"https:\/\/tveventos.tv.br\/index.php?rest_route=%2Fwp%2Fv2%2Ftags&post=4168"}],"curies":[{"name":"wp","href":"https:\/\/api.w.org\/{rel}","templated":true}]}}