{"id":4171,"date":"2025-02-04T14:38:34","date_gmt":"2025-02-04T17:38:34","guid":{"rendered":"https:\/\/tveventos.tv.br\/?p=4171"},"modified":"2025-02-04T14:38:36","modified_gmt":"2025-02-04T17:38:36","slug":"show-rural-2025-preparativos-incluem-melhorias-e-nova-estrutura-de-estacionamento","status":"publish","type":"post","link":"https:\/\/tveventos.tv.br\/?p=4171","title":{"rendered":"Show Rural 2025:\u00a0Preparativos incluem melhorias e nova estrutura de estacionamento"},"content":{"rendered":"\n<p>O presidente da Coopavel, Dilvo Grolli, e o coordenador geral do Show Rural, o agr\u00f4nomo Rog\u00e9rio Rizzardi, reuniram-se na \u00faltima sexta-feira, 6, com coordenadores de \u00e1rea da 37\u00aa edi\u00e7\u00e3o do evento, que ocorrer\u00e1 de 10 a 14 de fevereiro de 2025. O encontro foi realizado no Espa\u00e7o Impulso para avaliar o andamento dos preparativos da mostra, considerada uma das maiores de tecnologia e de inova\u00e7\u00f5es do agroneg\u00f3cio mundial.<\/p>\n\n\n\n<p>Entre os avan\u00e7os para 2025, conforme Rog\u00e9rio Rizzardi, est\u00e3o a amplia\u00e7\u00e3o do restaurante e a pavimenta\u00e7\u00e3o de seis mil metros quadrados de ruas internas no parque. Outras melhorias importantes incluem a constru\u00e7\u00e3o de um barrac\u00e3o para triagem e destina\u00e7\u00e3o correta de res\u00edduos e a disponibiliza\u00e7\u00e3o de uma \u00e1rea que ser\u00e1 transformada em estacionamento para 400 \u00f4nibus.<\/p>\n\n\n\n<p>Segundo Rizzardi, o estacionamento dar\u00e1 mais seguran\u00e7a aos visitantes e facilitar\u00e1 o desembarque e o embarque de passageiros, al\u00e9m de desafogar a marginal em frente ao parque. A nova estrutura refor\u00e7a o compromisso do evento com a experi\u00eancia dos participantes durante a visita, que n\u00e3o ter\u00e3o mais de enfrentar congestionamento.<\/p>\n\n\n\n<p><strong>Slogan<\/strong><\/p>\n\n\n\n<p>O Show Rural Coopavel 2025 ter\u00e1 mais de 600 expositores nacionais e internacionais que integram a cadeia do agroneg\u00f3cio, setor que responde por 25% do PIB do Brasil. O slogan da edi\u00e7\u00e3o ser\u00e1 Nossa natureza fala mais alto.<\/p>\n","protected":false},"excerpt":{"rendered":"<p>O presidente da Coopavel, Dilvo Grolli, e o coordenador geral do Show Rural, o agr\u00f4nomo Rog\u00e9rio Rizzardi, reuniram-se na \u00faltima sexta-feira, 6, com coordenadores de \u00e1rea da 37\u00aa edi\u00e7\u00e3o do evento, que ocorrer\u00e1 de 10 a 14 de fevereiro de 2025. O encontro foi realizado no Espa\u00e7o Impulso para avaliar o andamento dos preparativos da [&hellip;]<\/p>\n","protected":false},"author":2,"featured_media":4172,"comment_status":"open","ping_status":"open","sticky":false,"template":"","format":"standard","meta":{"footnotes":""},"categories":[23],"tags":[],"class_list":{"0":"post-4171","1":"post","2":"type-post","3":"status-publish","4":"format-standard","5":"has-post-thumbnail","7":"category-feirasdenegocios"},"_links":{"self":[{"href":"https:\/\/tveventos.tv.br\/index.php?rest_route=\/wp\/v2\/posts\/4171","targetHints":{"allow":["GET"]}}],"collection":[{"href":"https:\/\/tveventos.tv.br\/index.php?rest_route=\/wp\/v2\/posts"}],"about":[{"href":"https:\/\/tveventos.tv.br\/index.php?rest_route=\/wp\/v2\/types\/post"}],"author":[{"embeddable":true,"href":"https:\/\/tveventos.tv.br\/index.php?rest_route=\/wp\/v2\/users\/2"}],"replies":[{"embeddable":true,"href":"https:\/\/tveventos.tv.br\/index.php?rest_route=%2Fwp%2Fv2%2Fcomments&post=4171"}],"version-history":[{"count":1,"href":"https:\/\/tveventos.tv.br\/index.php?rest_route=\/wp\/v2\/posts\/4171\/revisions"}],"predecessor-version":[{"id":4173,"href":"https:\/\/tveventos.tv.br\/index.php?rest_route=\/wp\/v2\/posts\/4171\/revisions\/4173"}],"wp:featuredmedia":[{"embeddable":true,"href":"https:\/\/tveventos.tv.br\/index.php?rest_route=\/wp\/v2\/media\/4172"}],"wp:attachment":[{"href":"https:\/\/tveventos.tv.br\/index.php?rest_route=%2Fwp%2Fv2%2Fmedia&parent=4171"}],"wp:term":[{"taxonomy":"category","embeddable":true,"href":"https:\/\/tveventos.tv.br\/index.php?rest_route=%2Fwp%2Fv2%2Fcategories&post=4171"},{"taxonomy":"post_tag","embeddable":true,"href":"https:\/\/tveventos.tv.br\/index.php?rest_route=%2Fwp%2Fv2%2Ftags&post=4171"}],"curies":[{"name":"wp","href":"https:\/\/api.w.org\/{rel}","templated":true}]}}