{"id":4174,"date":"2025-02-04T14:40:34","date_gmt":"2025-02-04T17:40:34","guid":{"rendered":"https:\/\/tveventos.tv.br\/?p=4174"},"modified":"2025-02-04T14:40:36","modified_gmt":"2025-02-04T17:40:36","slug":"alagev-prorroga-inscricoes-para-o-premio-da-3a-edicao-do-voce-inspira-no-lacte","status":"publish","type":"post","link":"https:\/\/tveventos.tv.br\/?p=4174","title":{"rendered":"Alagev prorroga inscri\u00e7\u00f5es para o pr\u00eamio da 3\u00aa edi\u00e7\u00e3o do &#8220;Voc\u00ea Inspira no LACTE&#8221;"},"content":{"rendered":"\n<p class=\"has-text-align-center\"><em>Inova\u00e7\u00e3o, ESG e Parceria s\u00e3o as tr\u00eas categorias da iniciativa; ganhadores receber\u00e3o o trof\u00e9u durante o evento, em fevereiro, na capital paulista<\/em>.<\/p>\n\n\n\n<p>A Associa\u00e7\u00e3o Latino Americana de Eventos e Viagens Corporativas (Alagev) prorroga at\u00e9 sexta-feira (7) as inscri\u00e7\u00f5es para o pr\u00eamio da 3\u00aa edi\u00e7\u00e3o do \u201cVoc\u00ea Inspira no LACTE\u201d, iniciativa que reconhece os melhores&nbsp;<em>cases<\/em>&nbsp;de eventos e viagens corporativas e acontece durante o LACTE &#8211; 20\u00aa edi\u00e7\u00e3o, nos dias 24 e 25 de fevereiro, no Golden Hall do WTC Events Center, em S\u00e3o Paulo.<br>S\u00e3o tr\u00eas as categorias para inscri\u00e7\u00f5es: Inova\u00e7\u00e3o; ESG (Environmental, Social, and Corporate Governance); e Parceria.<br><br>Na categoria&nbsp;<strong>Inova\u00e7\u00e3o<\/strong>&nbsp;ser\u00e3o considerados&nbsp;<em>cases<\/em>&nbsp;com a\u00e7\u00f5es que demonstram uma mudan\u00e7a, a cria\u00e7\u00e3o de algo novo, a melhoria de um processo ou um servi\u00e7o que facilite a vida dos viajantes, gestores ou participantes de eventos. N\u00e3o s\u00e3o apenas aqueles diretamente relacionados \u00e0 tecnologia, mas que tamb\u00e9m envolvam criatividade na solu\u00e7\u00e3o de uma dor da empresa ou setor.<\/p>\n\n\n\n<p>J\u00e1 em&nbsp;<strong>ESG<\/strong>, o destaque ficar\u00e1 com projetos relacionados \u00e0 implementa\u00e7\u00e3o efetiva de a\u00e7\u00f5es ambientais, sociais e de governan\u00e7a nos programas de viagens ou eventos. E na categoria&nbsp;<strong>Parceria<\/strong>, o foco s\u00e3o&nbsp;<em>cases<\/em>&nbsp;que promovam a uni\u00e3o e a colabora\u00e7\u00e3o entre cliente e fornecedor, e incentivem resultados significativos para o objetivo desejado.<\/p>\n\n\n\n<p><strong>Inscri\u00e7\u00f5es e regras de participa\u00e7\u00e3o<\/strong>As inscri\u00e7\u00f5es (<a href=\"https:\/\/conteudo.alagev.org\/premio-voce-inspira-no-lacte-2025\" target=\"_blank\" rel=\"noreferrer noopener\">link<\/a>) estar\u00e3o abertas at\u00e9 as 23h59 do dia 7. Podem participar os profissionais e empresas com a associatividade em dia da Alagev. Cada empresa poder\u00e1 cadastrar at\u00e9 dois&nbsp;<em>cases<\/em>&nbsp;por categoria.<\/p>\n\n\n\n<p>O projeto inscrito ser\u00e1 submetido a uma banca avaliadora. Os membros do conselho e da diretoria da entidade que estiverem cadastrados no \u201cVoc\u00ea Inspira no LACTE\u201d n\u00e3o poder\u00e3o participar da 1\u00aa fase do processo de avalia\u00e7\u00e3o.<\/p>\n\n\n\n<p>Os finalistas dever\u00e3o estar inscritos no LACTE &#8211; 20\u00aa edi\u00e7\u00e3o para fazerem a apresenta\u00e7\u00e3o do seu&nbsp;<em>case<\/em>. O material (v\u00eddeo ou ppt) deve ser enviado at\u00e9&nbsp;o dia 19 de fevereiro.&nbsp;<\/p>\n\n\n\n<p>A vota\u00e7\u00e3o ser\u00e1 realizada ao longo do evento por meio do aplicativo LACTE e a entrega dos trof\u00e9us aos vencedores acontecer\u00e1 em um momento especial da programa\u00e7\u00e3o do dia 25 de fevereiro.<\/p>\n\n\n\n<p>\u201cNosso objetivo \u00e9 celebrar o talento, a dedica\u00e7\u00e3o e as solu\u00e7\u00f5es inovadoras. \u00c9 um reconhecimento ao trabalho inspirador das empresas que querem transformar o setor\u201d, comenta Luana Nogueira, diretora-executiva da Alagev.&nbsp;<\/p>\n\n\n\n<p><strong>Ganhadores da segunda edi\u00e7\u00e3o do pr\u00eamio<\/strong>Confira quem se destacou e foi premiado na 2\u00aa edi\u00e7\u00e3o do \u201cVoc\u00ea Inspira no LACTE\u201d, que aconteceu em 2024:<\/p>\n\n\n\n<p><strong>ESG:<\/strong>&nbsp;Projeto Vai Voando &#8211; Promovendo a pot\u00eancia das favelas, da BeFly<\/p>\n\n\n\n<p><strong>Inova\u00e7\u00e3o:<\/strong>&nbsp;ESG Pulse, da ESG Pulse<\/p>\n\n\n\n<p><strong>Parceria:&nbsp;<\/strong>Um novo olhar para o futuro \u2013 Capacita\u00e7\u00e3o atrav\u00e9s do Club Med School, do Club Med<\/p>\n\n\n\n<p>Nesta edi\u00e7\u00e3o, foi criada a categoria \u201chors concours\u201d, sendo o primeiro a receber o trof\u00e9u o projeto \u201cAero SHARK\u201d, da Lufthansa Group.<\/p>\n\n\n\n<p><strong>Inscri\u00e7\u00f5es para o LACTE &#8211; 20\u00aa edi\u00e7\u00e3o<\/strong>As inscri\u00e7\u00f5es para participar do LACTE (<a href=\"https:\/\/alagev.org\/lacte20\/inscricoes\" target=\"_blank\" rel=\"noreferrer noopener\">link<\/a>) t\u00eam valores entre R$ 756 e R$ 2.235 para associados e de R$ 1.394 a R$ 3.209 para n\u00e3o associados, at\u00e9 o dia 20 de fevereiro. J\u00e1 os gestores de eventos e viagens que se cadastrarem como&nbsp;<em>hosted buyers<\/em>&nbsp;ser\u00e3o isentos do valor.&nbsp;<\/p>\n\n\n\n<p>Para mais informa\u00e7\u00f5es sobre a associa\u00e7\u00e3o, acesse os perfis oficiais no Instagram (<a href=\"https:\/\/www.instagram.com\/alagev.oficial\/\" target=\"_blank\" rel=\"noreferrer noopener\">@alagev.oficia<\/a>l), YouTube (<a href=\"https:\/\/www.youtube.com\/@TVALAGEV\" target=\"_blank\" rel=\"noreferrer noopener\">TV ALAGEV<\/a>), Facebook (<a href=\"https:\/\/www.facebook.com\/alagev.oficial\" target=\"_blank\" rel=\"noreferrer noopener\">@alagev.oficial<\/a>) e LinkedIn (<a href=\"https:\/\/www.linkedin.com\/company\/alagev\/posts\/?feedView=all\" target=\"_blank\" rel=\"noreferrer noopener\">Alagev<\/a>).<\/p>\n","protected":false},"excerpt":{"rendered":"<p>Inova\u00e7\u00e3o, ESG e Parceria s\u00e3o as tr\u00eas categorias da iniciativa; ganhadores receber\u00e3o o trof\u00e9u durante o evento, em fevereiro, na capital paulista. A Associa\u00e7\u00e3o Latino Americana de Eventos e Viagens Corporativas (Alagev) prorroga at\u00e9 sexta-feira (7) as inscri\u00e7\u00f5es para o pr\u00eamio da 3\u00aa edi\u00e7\u00e3o do \u201cVoc\u00ea Inspira no LACTE\u201d, iniciativa que reconhece os melhores&nbsp;cases&nbsp;de eventos [&hellip;]<\/p>\n","protected":false},"author":2,"featured_media":4175,"comment_status":"open","ping_status":"open","sticky":false,"template":"","format":"standard","meta":{"footnotes":""},"categories":[23],"tags":[],"class_list":{"0":"post-4174","1":"post","2":"type-post","3":"status-publish","4":"format-standard","5":"has-post-thumbnail","7":"category-feirasdenegocios"},"_links":{"self":[{"href":"https:\/\/tveventos.tv.br\/index.php?rest_route=\/wp\/v2\/posts\/4174","targetHints":{"allow":["GET"]}}],"collection":[{"href":"https:\/\/tveventos.tv.br\/index.php?rest_route=\/wp\/v2\/posts"}],"about":[{"href":"https:\/\/tveventos.tv.br\/index.php?rest_route=\/wp\/v2\/types\/post"}],"author":[{"embeddable":true,"href":"https:\/\/tveventos.tv.br\/index.php?rest_route=\/wp\/v2\/users\/2"}],"replies":[{"embeddable":true,"href":"https:\/\/tveventos.tv.br\/index.php?rest_route=%2Fwp%2Fv2%2Fcomments&post=4174"}],"version-history":[{"count":1,"href":"https:\/\/tveventos.tv.br\/index.php?rest_route=\/wp\/v2\/posts\/4174\/revisions"}],"predecessor-version":[{"id":4176,"href":"https:\/\/tveventos.tv.br\/index.php?rest_route=\/wp\/v2\/posts\/4174\/revisions\/4176"}],"wp:featuredmedia":[{"embeddable":true,"href":"https:\/\/tveventos.tv.br\/index.php?rest_route=\/wp\/v2\/media\/4175"}],"wp:attachment":[{"href":"https:\/\/tveventos.tv.br\/index.php?rest_route=%2Fwp%2Fv2%2Fmedia&parent=4174"}],"wp:term":[{"taxonomy":"category","embeddable":true,"href":"https:\/\/tveventos.tv.br\/index.php?rest_route=%2Fwp%2Fv2%2Fcategories&post=4174"},{"taxonomy":"post_tag","embeddable":true,"href":"https:\/\/tveventos.tv.br\/index.php?rest_route=%2Fwp%2Fv2%2Ftags&post=4174"}],"curies":[{"name":"wp","href":"https:\/\/api.w.org\/{rel}","templated":true}]}}