{"id":4180,"date":"2025-02-06T12:38:34","date_gmt":"2025-02-06T15:38:34","guid":{"rendered":"https:\/\/tveventos.tv.br\/?p=4180"},"modified":"2025-02-06T12:38:35","modified_gmt":"2025-02-06T15:38:35","slug":"febratex-group-apresenta-calendario-de-feiras-imperdiveis-para-2025","status":"publish","type":"post","link":"https:\/\/tveventos.tv.br\/?p=4180","title":{"rendered":"Febratex Group apresenta calend\u00e1rio de feiras imperd\u00edveis para 2025"},"content":{"rendered":"\n<p>O Febratex Group, maior promotora de feiras t\u00eaxteis do Brasil, j\u00e1 definiu uma agenda repleta de eventos estrat\u00e9gicos para 2025, trazendo grandes feiras nos setores t\u00eaxtil e beleza que prometem movimentar o mercado, impulsionar neg\u00f3cios e promover inova\u00e7\u00f5es. &#8220;Nosso objetivo \u00e9 proporcionar eventos cada vez mais relevantes para o setor, promovendo conex\u00f5es e oportunidades de neg\u00f3cios entre empresas e profissionais&#8221;, destaca Giordana Madeira, diretora-executiva do Febratex Group.<br>&nbsp;<\/p>\n\n\n\n<p><strong>Confira os destaques:<\/strong><br>&nbsp;<\/p>\n\n\n\n<p><strong>FebraT\u00eaxtil<\/strong><br>A Febratextil 2025 acontecer\u00e1 de 18 a 20 de fevereiro no Expo Center Norte, em S\u00e3o Paulo. Com uma expectativa de atrair de 10 a 12 mil visitantes, a feira reunir\u00e1 produtos t\u00eaxteis como fios, filamentos, tecidos, malhas, fibras, aviamentos, estamparia e n\u00e3o tecidos, com forte foco em inova\u00e7\u00e3o e sustentabilidade. Esta ser\u00e1 uma excelente oportunidade para explorar as \u00faltimas tend\u00eancias do setor, promover networking, aprendizado e fechar novos neg\u00f3cios.<br>&nbsp;<\/p>\n\n\n\n<p><strong>Tecnot\u00eaxtil Brasil<\/strong><br>A Tecnot\u00eaxtil Brasil acontecer\u00e1 de 22 a 25 de abril de 2025 na Feira Industrial de Americana (FIDAM), em Americana (SP). O evento j\u00e1 \u00e9 um sucesso antes mesmo de sua realiza\u00e7\u00e3o, com 100% dos estandes vendidos e fila de espera, evidenciando a alta demanda e o interesse do setor. Al\u00e9m de ser um palco de oportunidades para a troca de tecnologias, a feira fomentar\u00e1 o polo industrial da regi\u00e3o.<br>&nbsp;<\/p>\n\n\n\n<p>&#8220;O setor t\u00eaxtil est\u00e1 em constante evolu\u00e7\u00e3o, e eventos como esses s\u00e3o fundamentais para acompanhar as transforma\u00e7\u00f5es tecnol\u00f3gicas e as tend\u00eancias globais&#8221;, ressalta H\u00e9lvio Jr., diretor do Febratex Group.<br>&nbsp;<\/p>\n\n\n\n<p><strong>Beauty &amp; Esthetic Show 2025<\/strong><br>De 3 a 4 de agosto de 2025, no Parque Vila Germ\u00e2nica, em Blumenau (SC), o evento reunir\u00e1 os principais nomes do setor de beleza e est\u00e9tica, apresentando solu\u00e7\u00f5es e inova\u00e7\u00f5es com foco em aprendizado e networking. Contar\u00e1 com exposi\u00e7\u00e3o de equipamentos, produtos e acess\u00f3rios, al\u00e9m de palestras e workshops com profissionais renomados.<br>&nbsp;<\/p>\n\n\n\n<p><strong>Febratex Summit 2025<\/strong><br>A 3\u00aa edi\u00e7\u00e3o do Febratex Summit ser\u00e1 realizada de 19 a 21 de agosto de 2025 em Blumenau (SC). Durante tr\u00eas dias, contar\u00e1 com palestras, pain\u00e9is de discuss\u00e3o e exposi\u00e7\u00f5es sobre os desafios, inova\u00e7\u00f5es e tend\u00eancias do setor t\u00eaxtil. O evento destacar\u00e1 a sustentabilidade, a inova\u00e7\u00e3o tecnol\u00f3gica e os avan\u00e7os no design e na produ\u00e7\u00e3o t\u00eaxtil.<br>&nbsp;<\/p>\n\n\n\n<p><strong>Maquintex + Signs + Pack&amp;Graph<\/strong><br>De 23 a 25 de setembro de 2025, Fortaleza (CE) sediar\u00e1 um dos maiores eventos do Brasil nos segmentos t\u00eaxtil, gr\u00e1fico e de embalagens. A Maquintex focar\u00e1 na ind\u00fastria t\u00eaxtil, enquanto a Signs Pack &amp; Graph abordar\u00e1 inova\u00e7\u00f5es em sinaliza\u00e7\u00e3o, embalagens e impress\u00e3o. O evento contar\u00e1 com demonstra\u00e7\u00f5es de produtos, palestras especializadas e pain\u00e9is sobre desafios e oportunidades do mercado.<br>&nbsp;<\/p>\n\n\n\n<p>Essas feiras s\u00e3o oportunidades \u00fanicas para profissionais e empresas se atualizarem sobre as inova\u00e7\u00f5es do setor e fortalecerem conex\u00f5es no mercado global. Prepare-se para um 2025 repleto de possibilidades com o Febratex Group!<\/p>\n","protected":false},"excerpt":{"rendered":"<p>O Febratex Group, maior promotora de feiras t\u00eaxteis do Brasil, j\u00e1 definiu uma agenda repleta de eventos estrat\u00e9gicos para 2025, trazendo grandes feiras nos setores t\u00eaxtil e beleza que prometem movimentar o mercado, impulsionar neg\u00f3cios e promover inova\u00e7\u00f5es. &#8220;Nosso objetivo \u00e9 proporcionar eventos cada vez mais relevantes para o setor, promovendo conex\u00f5es e oportunidades de [&hellip;]<\/p>\n","protected":false},"author":2,"featured_media":4181,"comment_status":"open","ping_status":"open","sticky":false,"template":"","format":"standard","meta":{"footnotes":""},"categories":[23],"tags":[],"class_list":{"0":"post-4180","1":"post","2":"type-post","3":"status-publish","4":"format-standard","5":"has-post-thumbnail","7":"category-feirasdenegocios"},"_links":{"self":[{"href":"https:\/\/tveventos.tv.br\/index.php?rest_route=\/wp\/v2\/posts\/4180","targetHints":{"allow":["GET"]}}],"collection":[{"href":"https:\/\/tveventos.tv.br\/index.php?rest_route=\/wp\/v2\/posts"}],"about":[{"href":"https:\/\/tveventos.tv.br\/index.php?rest_route=\/wp\/v2\/types\/post"}],"author":[{"embeddable":true,"href":"https:\/\/tveventos.tv.br\/index.php?rest_route=\/wp\/v2\/users\/2"}],"replies":[{"embeddable":true,"href":"https:\/\/tveventos.tv.br\/index.php?rest_route=%2Fwp%2Fv2%2Fcomments&post=4180"}],"version-history":[{"count":1,"href":"https:\/\/tveventos.tv.br\/index.php?rest_route=\/wp\/v2\/posts\/4180\/revisions"}],"predecessor-version":[{"id":4182,"href":"https:\/\/tveventos.tv.br\/index.php?rest_route=\/wp\/v2\/posts\/4180\/revisions\/4182"}],"wp:featuredmedia":[{"embeddable":true,"href":"https:\/\/tveventos.tv.br\/index.php?rest_route=\/wp\/v2\/media\/4181"}],"wp:attachment":[{"href":"https:\/\/tveventos.tv.br\/index.php?rest_route=%2Fwp%2Fv2%2Fmedia&parent=4180"}],"wp:term":[{"taxonomy":"category","embeddable":true,"href":"https:\/\/tveventos.tv.br\/index.php?rest_route=%2Fwp%2Fv2%2Fcategories&post=4180"},{"taxonomy":"post_tag","embeddable":true,"href":"https:\/\/tveventos.tv.br\/index.php?rest_route=%2Fwp%2Fv2%2Ftags&post=4180"}],"curies":[{"name":"wp","href":"https:\/\/api.w.org\/{rel}","templated":true}]}}