{"id":4183,"date":"2025-02-06T15:59:29","date_gmt":"2025-02-06T18:59:29","guid":{"rendered":"https:\/\/tveventos.tv.br\/?p=4183"},"modified":"2025-02-06T15:59:31","modified_gmt":"2025-02-06T18:59:31","slug":"ilha-da-sublimacao-da-fespa-digital-printing-2025-confirma-primeiros-nomes","status":"publish","type":"post","link":"https:\/\/tveventos.tv.br\/?p=4183","title":{"rendered":"Ilha da Sublima\u00e7\u00e3o da FESPA Digital Printing 2025 confirma primeiros nomes"},"content":{"rendered":"\n<p>A Ilha da Sublima\u00e7\u00e3o confirmou os primeiros especialistas que v\u00e3o integrar a programa\u00e7\u00e3o de palestras durante a FESPA Digital Printing 2025, de 17 a 20 de mar\u00e7o no Expo Center Norte.<\/p>\n\n\n\n<p>O encontro dos empreendedores do ramo de brindes e produtos personalizados mostrar\u00e1 como esta \u00e1rea possui muitas formas de faturar, com diferentes tecnologias e uma infinita variedade de produtos que podem ser criados.<\/p>\n\n\n\n<p>Para a edi\u00e7\u00e3o de 2025, o objetivo \u00e9 novamente aprofundar em tudo que faz parte deste mundo, abordando as t\u00e9cnicas para estampar e imprimir brindes (passando pela sublima\u00e7\u00e3o, transfer e at\u00e9 DTF).<\/p>\n\n\n\n<p>Mas tamb\u00e9m ser\u00e1 abordado o neg\u00f3cio em si aos empreendedores, destacando gest\u00e3o de vendas, bom uso das redes sociais, como aprimorar o marketing digital, entre outros t\u00f3picos.<\/p>\n\n\n\n<p><strong>Entre os nomes confirmados, est\u00e3o:<\/strong><\/p>\n\n\n\n<p>\u2013 Casal Super Silhouette, Ellen Cardoso, Ronaldo Rufino, Raquel Brito, Luana Dias, Mayara Calderone, Felipe Soares, Antonio Escobar, Aline Almeida, Dicas do Greb;<\/p>\n\n\n\n<p>\u2013 Judah Adonai, Alex Falc\u00e3o, Pam Andrade, Lui Vox, Mario e Marias, Rubens Lorenzetti, Poli Freire, Rodrigo Cury, Lara Lage e En\u00e9as Garcia.<\/p>\n\n\n\n<p>\u201cNossas \u00e1reas de conhecimento s\u00e3o pensadas de forma estrat\u00e9gica para atender \u00e0s atuais necessidades dos visitantes\u201d, diz Alexandre Keese, diretor da APS Eventos, organizador do evento.<\/p>\n\n\n\n<p>\u201cCom a Ilha, sempre consultamos nossos parceiros para entender demandas e assim oferecer um conte\u00fado rico e pr\u00e1tico, que certamente promover\u00e1 uma mudan\u00e7a de pensamento dos participantes\u201d, completa.<\/p>\n\n\n\n<p>O curador da Ilha ser\u00e1 Felipe Soares, diretor da Print Center, que refor\u00e7a que a Ilha da Sublima\u00e7\u00e3o \u00e9 uma refer\u00eancia com aulas, informa\u00e7\u00f5es e educa\u00e7\u00e3o de valor.<\/p>\n\n\n\n<p>\u201cOs participantes se atualizam com o que h\u00e1 de mais novo no mercado. \u00c9 uma b\u00fassola profissional e comercial\u201d, afirma.<\/p>\n\n\n\n<p>\u201cEla aponta tend\u00eancias e ajudando profissionais de todos os tamanhos e n\u00edveis a se guiarem nesse mar de oportunidades. \u00c9 um espa\u00e7o que inspira, motiva e faz o mercado girar!\u201d, conclui.<\/p>\n\n\n\n<p>Soares lembra que, atualmente, \u00e9 dif\u00edcil encontrar um empreendedor que trabalhe s\u00f3 com uma t\u00e9cnica. Por isso, a Ilha oferece mais do que s\u00f3 sublima\u00e7\u00e3o.<\/p>\n\n\n\n<p>Ela abrange: transfer laser, papelaria personalizada, filmes de recorte, costura criativa, cria\u00e7\u00e3o de artes, gerenciamento de cores e impress\u00e3o, DTF t\u00eaxtil e UV, impress\u00e3o 3D, grava\u00e7\u00e3o a laser, gr\u00e1fica r\u00e1pida e at\u00e9 gest\u00e3o de neg\u00f3cios e intelig\u00eancia artificial.<\/p>\n\n\n\n<p>A Ilha da Sublima\u00e7\u00e3o se completa com as principais marcas do mundo dos brindes personalizados apresentando novidades com demonstra\u00e7\u00f5es ao vivo.<\/p>\n\n\n\n<p>S\u00e3o prensas, impressoras, calandras, tintas, m\u00eddias diversas e os insumos mais diferenciados para o visitante se inspirar e gerar neg\u00f3cios.<\/p>\n\n\n\n<p>\u201cA Ilha da Sublima\u00e7\u00e3o 2024 foi um sucesso e em 2025 entregaremos uma Ilha mais completa, acolhedora e cheia de energia\u201d, finaliza Felipe Soares.<\/p>\n\n\n\n<p>Todas as informa\u00e7\u00f5es em:&nbsp;<a href=\"http:\/\/www.fespabrasil.com.br\/\" target=\"_blank\" rel=\"noreferrer noopener\">www.fespabrasil.com.br<\/a><\/p>\n","protected":false},"excerpt":{"rendered":"<p>A Ilha da Sublima\u00e7\u00e3o confirmou os primeiros especialistas que v\u00e3o integrar a programa\u00e7\u00e3o de palestras durante a FESPA Digital Printing 2025, de 17 a 20 de mar\u00e7o no Expo Center Norte. O encontro dos empreendedores do ramo de brindes e produtos personalizados mostrar\u00e1 como esta \u00e1rea possui muitas formas de faturar, com diferentes tecnologias e [&hellip;]<\/p>\n","protected":false},"author":2,"featured_media":4186,"comment_status":"open","ping_status":"open","sticky":false,"template":"","format":"standard","meta":{"footnotes":""},"categories":[23],"tags":[],"class_list":{"0":"post-4183","1":"post","2":"type-post","3":"status-publish","4":"format-standard","5":"has-post-thumbnail","7":"category-feirasdenegocios"},"_links":{"self":[{"href":"https:\/\/tveventos.tv.br\/index.php?rest_route=\/wp\/v2\/posts\/4183","targetHints":{"allow":["GET"]}}],"collection":[{"href":"https:\/\/tveventos.tv.br\/index.php?rest_route=\/wp\/v2\/posts"}],"about":[{"href":"https:\/\/tveventos.tv.br\/index.php?rest_route=\/wp\/v2\/types\/post"}],"author":[{"embeddable":true,"href":"https:\/\/tveventos.tv.br\/index.php?rest_route=\/wp\/v2\/users\/2"}],"replies":[{"embeddable":true,"href":"https:\/\/tveventos.tv.br\/index.php?rest_route=%2Fwp%2Fv2%2Fcomments&post=4183"}],"version-history":[{"count":1,"href":"https:\/\/tveventos.tv.br\/index.php?rest_route=\/wp\/v2\/posts\/4183\/revisions"}],"predecessor-version":[{"id":4187,"href":"https:\/\/tveventos.tv.br\/index.php?rest_route=\/wp\/v2\/posts\/4183\/revisions\/4187"}],"wp:featuredmedia":[{"embeddable":true,"href":"https:\/\/tveventos.tv.br\/index.php?rest_route=\/wp\/v2\/media\/4186"}],"wp:attachment":[{"href":"https:\/\/tveventos.tv.br\/index.php?rest_route=%2Fwp%2Fv2%2Fmedia&parent=4183"}],"wp:term":[{"taxonomy":"category","embeddable":true,"href":"https:\/\/tveventos.tv.br\/index.php?rest_route=%2Fwp%2Fv2%2Fcategories&post=4183"},{"taxonomy":"post_tag","embeddable":true,"href":"https:\/\/tveventos.tv.br\/index.php?rest_route=%2Fwp%2Fv2%2Ftags&post=4183"}],"curies":[{"name":"wp","href":"https:\/\/api.w.org\/{rel}","templated":true}]}}