{"id":4199,"date":"2025-02-10T16:52:25","date_gmt":"2025-02-10T19:52:25","guid":{"rendered":"https:\/\/tveventos.tv.br\/?p=4199"},"modified":"2025-02-10T16:52:27","modified_gmt":"2025-02-10T19:52:27","slug":"feistock-abre-espaco-para-novos-expositores","status":"publish","type":"post","link":"https:\/\/tveventos.tv.br\/?p=4199","title":{"rendered":"Feistock abre espa\u00e7o para novos expositores"},"content":{"rendered":"\n<p>Faltando quatro meses para a Feistock, a maior feira de m\u00f3veis e decora\u00e7\u00e3o do Brasil com venda direta ao consumidor, ainda d\u00e1 tempo para empresas interessadas em participar como expositoras. O evento, consolidado como refer\u00eancia no setor moveleiro, ocorre de 5 a 8 de junho, na Promosul, em S\u00e3o Bento do Sul. Em 20 anos, a feira j\u00e1 atraiu quase 1 milh\u00e3o de visitantes em busca de novidades, qualidade e pre\u00e7os competitivos.&nbsp;<\/p>\n\n\n\n<p>Com uma trajet\u00f3ria de sucesso, a Feistock \u00e9 reconhecida pelo amplo mix de produtos, reunindo mais de 100 expositores e oferecendo mais de 15 mil produtos a cada edi\u00e7\u00e3o. S\u00e3o m\u00f3veis para todos os estilos, itens de decora\u00e7\u00e3o exclusivos e as \u00faltimas tend\u00eancias do mercado. Al\u00e9m disso, a feira se destaca pelos descontos, que chegam a at\u00e9 70% em diversos produtos, tornando-se uma excelente oportunidade para consumidores que buscam renovar os ambientes da casa.&nbsp;<\/p>\n\n\n\n<p>Empresas que desejam expor seus produtos ainda t\u00eam a chance de participar desta edi\u00e7\u00e3o. A Feistock de junho tem alguns espa\u00e7os dispon\u00edveis, permitindo que marcas ampliem sua visibilidade e alcancem um p\u00fablico altamente qualificado, formado por consumidores finais, lojistas e profissionais do setor de decora\u00e7\u00e3o e design. Para garantir um estande na Feistock, as empresas interessadas devem entrar em contato o quanto antes e assegurar sua vaga.&nbsp;<\/p>\n\n\n\n<p><strong>Um evento imperd\u00edvel<\/strong>&nbsp;<\/p>\n\n\n\n<p>Al\u00e9m das ofertas e da ampla variedade de produtos, a Feistock se destaca por proporcionar uma experi\u00eancia completa aos visitantes, com uma estrutura diferenciada, espa\u00e7o gastron\u00f4mico, \u00e1rea kids e ambiente confort\u00e1vel para que todos aproveitem o evento ao m\u00e1ximo. Vale lembrar que a feira \u00e9 pet friendly.&nbsp;<\/p>\n\n\n\n<p>Faltando quatro meses para a abertura dos port\u00f5es, os preparativos seguem em ritmo acelerado, e a expectativa \u00e9 de mais uma edi\u00e7\u00e3o de sucesso, movimentando o setor e consolidando a regi\u00e3o de S\u00e3o Bento do Sul, Rio Negrinho, Campo Alegre e Pi\u00ean como refer\u00eancia no setor moveleiro.<\/p>\n\n\n\n<p><strong>Seja um expositor<\/strong>&nbsp;<\/p>\n\n\n\n<p>Telefone\/WhatsApp: (47) 98417-0062, com M\u00f4nica&nbsp;<\/p>\n\n\n\n<p><strong>Mais informa\u00e7\u00f5es<\/strong>&nbsp;<\/p>\n\n\n\n<p>E-mail: tayna@tbsfeiras.com&nbsp;<\/p>\n\n\n\n<p>Telefone: (47) 3626-6686&nbsp;<\/p>\n\n\n\n<p><strong>Patroc\u00ednio&nbsp;<\/strong><\/p>\n\n\n\n<p>Ecoflex Colch\u00f5es, Qualitt\u00e1 Interiores, Morada M\u00f3veis e Think Decor M\u00f3veis.<\/p>\n\n\n\n<p><strong>Agende-se<\/strong>&nbsp;<\/p>\n\n\n\n<p>De 5 a 8 de junho de 2025<\/p>\n\n\n\n<p>Das 10 \u00e0s 20 horas&nbsp;<\/p>\n\n\n\n<p>Local: Promosul \u2013 S\u00e3o Bento do Sul\/SC&nbsp;<\/p>\n\n\n\n<p>Entrada gratuita ao pavilh\u00e3o&nbsp;<\/p>\n\n\n\n<p>www.feistock.com.br&nbsp;<\/p>\n\n\n\n<p>Siga @feistock nas redes sociais!<\/p>\n","protected":false},"excerpt":{"rendered":"<p>Faltando quatro meses para a Feistock, a maior feira de m\u00f3veis e decora\u00e7\u00e3o do Brasil com venda direta ao consumidor, ainda d\u00e1 tempo para empresas interessadas em participar como expositoras. O evento, consolidado como refer\u00eancia no setor moveleiro, ocorre de 5 a 8 de junho, na Promosul, em S\u00e3o Bento do Sul. Em 20 anos, [&hellip;]<\/p>\n","protected":false},"author":2,"featured_media":4200,"comment_status":"open","ping_status":"open","sticky":false,"template":"","format":"standard","meta":{"footnotes":""},"categories":[23],"tags":[],"class_list":{"0":"post-4199","1":"post","2":"type-post","3":"status-publish","4":"format-standard","5":"has-post-thumbnail","7":"category-feirasdenegocios"},"_links":{"self":[{"href":"https:\/\/tveventos.tv.br\/index.php?rest_route=\/wp\/v2\/posts\/4199","targetHints":{"allow":["GET"]}}],"collection":[{"href":"https:\/\/tveventos.tv.br\/index.php?rest_route=\/wp\/v2\/posts"}],"about":[{"href":"https:\/\/tveventos.tv.br\/index.php?rest_route=\/wp\/v2\/types\/post"}],"author":[{"embeddable":true,"href":"https:\/\/tveventos.tv.br\/index.php?rest_route=\/wp\/v2\/users\/2"}],"replies":[{"embeddable":true,"href":"https:\/\/tveventos.tv.br\/index.php?rest_route=%2Fwp%2Fv2%2Fcomments&post=4199"}],"version-history":[{"count":1,"href":"https:\/\/tveventos.tv.br\/index.php?rest_route=\/wp\/v2\/posts\/4199\/revisions"}],"predecessor-version":[{"id":4201,"href":"https:\/\/tveventos.tv.br\/index.php?rest_route=\/wp\/v2\/posts\/4199\/revisions\/4201"}],"wp:featuredmedia":[{"embeddable":true,"href":"https:\/\/tveventos.tv.br\/index.php?rest_route=\/wp\/v2\/media\/4200"}],"wp:attachment":[{"href":"https:\/\/tveventos.tv.br\/index.php?rest_route=%2Fwp%2Fv2%2Fmedia&parent=4199"}],"wp:term":[{"taxonomy":"category","embeddable":true,"href":"https:\/\/tveventos.tv.br\/index.php?rest_route=%2Fwp%2Fv2%2Fcategories&post=4199"},{"taxonomy":"post_tag","embeddable":true,"href":"https:\/\/tveventos.tv.br\/index.php?rest_route=%2Fwp%2Fv2%2Ftags&post=4199"}],"curies":[{"name":"wp","href":"https:\/\/api.w.org\/{rel}","templated":true}]}}