{"id":4202,"date":"2025-02-11T11:10:20","date_gmt":"2025-02-11T14:10:20","guid":{"rendered":"https:\/\/tveventos.tv.br\/?p=4202"},"modified":"2025-02-11T11:10:22","modified_gmt":"2025-02-11T14:10:22","slug":"animal-health-expo-forum","status":"publish","type":"post","link":"https:\/\/tveventos.tv.br\/?p=4202","title":{"rendered":"Animal Health Expo F\u00f3rum"},"content":{"rendered":"\n<p>A Animal Health Expo+F\u00f3rum comemora seu quinto ano de exist\u00eancia e terceira edi\u00e7\u00e3o presencial, consolidando-se como uma importante plataforma global de educa\u00e7\u00e3o e oportunidades de neg\u00f3cios para o mercado global de Sa\u00fade Animal Pet, no Brasil. O evento re\u00fane profissionais, empreendedores, pesquisadores e autoridades, em especial hospitais, cl\u00ednicas e centros de diagn\u00f3stico veterin\u00e1rios.<\/p>\n\n\n\n<h4 class=\"wp-block-heading\">Junte-se a n\u00f3s nos dias 18 a 20 de Fevereiro, das 10h \u00e0s 20h, no Expo Center Norte.<\/h4>\n\n\n\n<h4 class=\"wp-block-heading\">Endere\u00e7o: Rua Jos\u00e9 Bernardo Pinto 333, S\u00e3o Paulo, SP, 02055-000.<\/h4>\n","protected":false},"excerpt":{"rendered":"<p>A Animal Health Expo+F\u00f3rum comemora seu quinto ano de exist\u00eancia e terceira edi\u00e7\u00e3o presencial, consolidando-se como uma importante plataforma global de educa\u00e7\u00e3o e oportunidades de neg\u00f3cios para o mercado global de Sa\u00fade Animal Pet, no Brasil. O evento re\u00fane profissionais, empreendedores, pesquisadores e autoridades, em especial hospitais, cl\u00ednicas e centros de diagn\u00f3stico veterin\u00e1rios. Junte-se a [&hellip;]<\/p>\n","protected":false},"author":2,"featured_media":4203,"comment_status":"open","ping_status":"open","sticky":false,"template":"","format":"standard","meta":{"footnotes":""},"categories":[25],"tags":[],"class_list":{"0":"post-4202","1":"post","2":"type-post","3":"status-publish","4":"format-standard","5":"has-post-thumbnail","7":"category-calendariodeeventos"},"_links":{"self":[{"href":"https:\/\/tveventos.tv.br\/index.php?rest_route=\/wp\/v2\/posts\/4202","targetHints":{"allow":["GET"]}}],"collection":[{"href":"https:\/\/tveventos.tv.br\/index.php?rest_route=\/wp\/v2\/posts"}],"about":[{"href":"https:\/\/tveventos.tv.br\/index.php?rest_route=\/wp\/v2\/types\/post"}],"author":[{"embeddable":true,"href":"https:\/\/tveventos.tv.br\/index.php?rest_route=\/wp\/v2\/users\/2"}],"replies":[{"embeddable":true,"href":"https:\/\/tveventos.tv.br\/index.php?rest_route=%2Fwp%2Fv2%2Fcomments&post=4202"}],"version-history":[{"count":1,"href":"https:\/\/tveventos.tv.br\/index.php?rest_route=\/wp\/v2\/posts\/4202\/revisions"}],"predecessor-version":[{"id":4204,"href":"https:\/\/tveventos.tv.br\/index.php?rest_route=\/wp\/v2\/posts\/4202\/revisions\/4204"}],"wp:featuredmedia":[{"embeddable":true,"href":"https:\/\/tveventos.tv.br\/index.php?rest_route=\/wp\/v2\/media\/4203"}],"wp:attachment":[{"href":"https:\/\/tveventos.tv.br\/index.php?rest_route=%2Fwp%2Fv2%2Fmedia&parent=4202"}],"wp:term":[{"taxonomy":"category","embeddable":true,"href":"https:\/\/tveventos.tv.br\/index.php?rest_route=%2Fwp%2Fv2%2Fcategories&post=4202"},{"taxonomy":"post_tag","embeddable":true,"href":"https:\/\/tveventos.tv.br\/index.php?rest_route=%2Fwp%2Fv2%2Ftags&post=4202"}],"curies":[{"name":"wp","href":"https:\/\/api.w.org\/{rel}","templated":true}]}}